{"id":1,"date":"2015-04-14T16:05:04","date_gmt":"2015-04-14T16:05:04","guid":{"rendered":"http:\/\/obis.esepf.pt\/observatorio\/?p=1"},"modified":"2016-12-12T11:24:06","modified_gmt":"2016-12-12T11:24:06","slug":"par","status":"publish","type":"post","link":"http:\/\/projeto.esepf.pt\/depsocial\/observatorio\/?p=1&lang=pt","title":{"rendered":"Plataforma de Apoio aos Refugiados &#8211; PAR"},"content":{"rendered":"<p>Integrando, na qualidade de membro fundador, a\u00a0<a href=\"http:\/\/www.refugiados.pt\/\">Plataforma de Apoio aos Refugiados<\/a>\u00a0(PAR), a Congrega\u00e7\u00e3o das Irm\u00e3s Doroteias disponibiliza os seus recursos humanos e materiais ao servi\u00e7o desta causa hist\u00f3rica que a Europa vive atualmente. A\u00a0<a href=\"http:\/\/www.esepf.pt\/\">Escola Superior de Educa\u00e7\u00e3o de Paula Frassinetti<\/a>, sendo um dos Centros Educativos da Rede Doroteia, foi convidada a disponibilizar a sua plataforma de forma\u00e7\u00e3o em regime de e-learning para ajudar a formar os t\u00e9cnicos das institui\u00e7\u00f5es que acolher\u00e3o os refugiados.<\/p>\n<p>Assim, realizar-se no dia 14 de outubro, pelas 14.30, no sal\u00e3o nobre da Reitoria da Universidade de Lisboa, uma sess\u00e3o com todos os parceiros da PAR, com os seguintes objetivos:<\/p>\n<ul>\n<li>Assinatura de protocolos com as institui\u00e7\u00f5es anfitri\u00e3s da PAR que acolher\u00e3o refugiados<\/li>\n<li>Apresenta\u00e7\u00e3o formal do Programa de Forma\u00e7\u00e3o online dos t\u00e9cnicos das institui\u00e7\u00f5es anfitri\u00e3s da PAR.<\/li>\n<\/ul>\n<p>As inscri\u00e7\u00f5es dos t\u00e9cnicos e dos volunt\u00e1rios na forma\u00e7\u00e3o dever\u00e1 ser efetuada a partir desse dia at\u00e9 ao dia 21 de outubro\u00a0<a href=\"http:\/\/projeto.esepf.pt\/depsocial\/par\/acesso\/index.php\">aqui<\/a>. As sess\u00f5es iniciais ser\u00e3o presenciais e realizar-se-\u00e3o nos dias 26 de outubro no Porto \u00e0s 10h00 (na Universidade Cat\u00f3lica Portuguesa, P\u00f3lo da Foz) e no dia 29 de outubro em Lisboa \u00e0s 14h30 (na Mesquita Central de Lisboa).<\/p>\n","protected":false},"excerpt":{"rendered":"<p>Integrando, na qualidade de membro fundador, a\u00a0Plataforma de Apoio aos Refugiados\u00a0(PAR), a Congrega\u00e7\u00e3o das Irm\u00e3s Doroteias disponibiliza os seus recursos humanos e materiais ao servi\u00e7o desta causa hist\u00f3rica que a Europa vive atualmente. A\u00a0Escola Superior de Educa\u00e7\u00e3o de Paula Frassinetti, sendo um dos Centros Educativos da Rede Doroteia, foi convidada a disponibilizar a sua plataforma<a href=\"http:\/\/projeto.esepf.pt\/depsocial\/observatorio\/?p=1&#038;lang=pt\">[&#8230;]<\/a><\/p>\n","protected":false},"author":1,"featured_media":223,"comment_status":"closed","ping_status":"open","sticky":false,"template":"","format":"standard","meta":[],"categories":[50,68],"tags":[],"_links":{"self":[{"href":"http:\/\/projeto.esepf.pt\/depsocial\/observatorio\/index.php?rest_route=\/wp\/v2\/posts\/1"}],"collection":[{"href":"http:\/\/projeto.esepf.pt\/depsocial\/observatorio\/index.php?rest_route=\/wp\/v2\/posts"}],"about":[{"href":"http:\/\/projeto.esepf.pt\/depsocial\/observatorio\/index.php?rest_route=\/wp\/v2\/types\/post"}],"author":[{"embeddable":true,"href":"http:\/\/projeto.esepf.pt\/depsocial\/observatorio\/index.php?rest_route=\/wp\/v2\/users\/1"}],"replies":[{"embeddable":true,"href":"http:\/\/projeto.esepf.pt\/depsocial\/observatorio\/index.php?rest_route=%2Fwp%2Fv2%2Fcomments&post=1"}],"version-history":[{"count":3,"href":"http:\/\/projeto.esepf.pt\/depsocial\/observatorio\/index.php?rest_route=\/wp\/v2\/posts\/1\/revisions"}],"predecessor-version":[{"id":115,"href":"http:\/\/projeto.esepf.pt\/depsocial\/observatorio\/index.php?rest_route=\/wp\/v2\/posts\/1\/revisions\/115"}],"wp:featuredmedia":[{"embeddable":true,"href":"http:\/\/projeto.esepf.pt\/depsocial\/observatorio\/index.php?rest_route=\/wp\/v2\/media\/223"}],"wp:attachment":[{"href":"http:\/\/projeto.esepf.pt\/depsocial\/observatorio\/index.php?rest_route=%2Fwp%2Fv2%2Fmedia&parent=1"}],"wp:term":[{"taxonomy":"category","embeddable":true,"href":"http:\/\/projeto.esepf.pt\/depsocial\/observatorio\/index.php?rest_route=%2Fwp%2Fv2%2Fcategories&post=1"},{"taxonomy":"post_tag","embeddable":true,"href":"http:\/\/projeto.esepf.pt\/depsocial\/observatorio\/index.php?rest_route=%2Fwp%2Fv2%2Ftags&post=1"}],"curies":[{"name":"wp","href":"https:\/\/api.w.org\/{rel}","templated":true}]}}