{"id":155,"date":"2014-10-08T15:32:49","date_gmt":"2014-10-08T15:32:49","guid":{"rendered":"http:\/\/obis.esepf.pt\/observatorio\/?p=155"},"modified":"2016-12-12T15:50:34","modified_gmt":"2016-12-12T15:50:34","slug":"interculturalidade-mediacao-e-inclusao-da-diversidade","status":"publish","type":"post","link":"http:\/\/projeto.esepf.pt\/depsocial\/observatorio\/?p=155&lang=pt","title":{"rendered":"Interculturalidade, Media\u00e7\u00e3o e Inclus\u00e3o da Diversidade"},"content":{"rendered":"<h3><strong>Projetos em curso<\/strong><\/h3>\n<hr \/>\n<h4><strong><a href=\"http:\/\/direitoshumanos.up.pt\/.\">Aprender Direitos Humanos: passado e presente<\/a><\/strong><\/h4>\n<p>Descri\u00e7\u00e3o: Projeto multidimensional, iniciado em 2009, que tem como cerne o ensino cr\u00edtico dos Direitos Humanos. Visa, fundamentalmente construir e trabalhar iniciativas educativas para que os Direitos Humanos possam ser apresentados, discutidos e interiorizados pelos jovens portugueses. Tem como objetivos, entre outros, a constru\u00e7\u00e3o de uma cidadania ativa baseada nos valores \u00e9ticos fundamentais. Utilizando a hist\u00f3ria de Anne Frank como inspira\u00e7\u00e3o para os jovens hoje reflete, implementa e desenvolve instrumentos pedag\u00f3gicos de interven\u00e7\u00e3o socioeducativa.<\/p>\n<p>\u00c9 um projeto coordenado pela Associa\u00e7\u00e3o Internacional Intercultural Projects and Research em colabora\u00e7\u00e3o com a Anne Frank House (Holanda), financiando parcialmente pela Embaixada dos Pa\u00edses Baixos em Lisboa. Tem como parceiros a Escola Superior de Educa\u00e7\u00e3o de Paula Frassinetti, Amnistia Internacional Portugal, Universidade do Porto, Instituto Paulo Freire e o Instituto Portugu\u00eas do Desporto e Juventude.<\/p>\n<p>Objetivos:\u00a0promover estudos que se centrem na constru\u00e7\u00e3o cr\u00edtica da interculturalidade e da diversidade nas sociedades contempor\u00e2neas, em particular com diferentes grupos e popula\u00e7\u00f5es de maior vulnerabilidade e, por isso mesmo, com maior necessidade de projetos que possam aprofundar as componentes de media\u00e7\u00e3o e pedag\u00f3gicas da constru\u00e7\u00e3o de uma ideia cr\u00edtica de interculturalidade. Este conhecimento cr\u00edtico dos modos pelos quais a interculturalidade poder\u00e1 e dever\u00e1 integrar a dimens\u00e3o socio pedag\u00f3gica da interven\u00e7\u00e3o social e comunit\u00e1ria, em particular pela constru\u00e7\u00e3o de processo de media\u00e7\u00e3o que respeitem a especificidade de cada um e a (s) identidade (s) coletiva (s) de todos.<\/p>\n<p>Investigador respons\u00e1vel: Miguel Prata Gomes<br \/>\nEquipa: GICDH (Grupo Interculturalidade, Cidadania e Direitos Humanos), Paula Medeiros e Walter Almeida<\/p>\n<hr \/>\n<h3><\/h3>\n","protected":false},"excerpt":{"rendered":"<p>Projetos em curso Aprender Direitos Humanos: passado e presente Descri\u00e7\u00e3o: Projeto multidimensional, iniciado em 2009, que tem como cerne o ensino cr\u00edtico dos Direitos Humanos. Visa, fundamentalmente construir e trabalhar iniciativas educativas para que os Direitos Humanos possam ser apresentados, discutidos e interiorizados pelos jovens portugueses. Tem como objetivos, entre outros, a constru\u00e7\u00e3o de uma<a href=\"http:\/\/projeto.esepf.pt\/depsocial\/observatorio\/?p=155&#038;lang=pt\">[&#8230;]<\/a><\/p>\n","protected":false},"author":1,"featured_media":219,"comment_status":"closed","ping_status":"closed","sticky":false,"template":"","format":"standard","meta":[],"categories":[14],"tags":[],"_links":{"self":[{"href":"http:\/\/projeto.esepf.pt\/depsocial\/observatorio\/index.php?rest_route=\/wp\/v2\/posts\/155"}],"collection":[{"href":"http:\/\/projeto.esepf.pt\/depsocial\/observatorio\/index.php?rest_route=\/wp\/v2\/posts"}],"about":[{"href":"http:\/\/projeto.esepf.pt\/depsocial\/observatorio\/index.php?rest_route=\/wp\/v2\/types\/post"}],"author":[{"embeddable":true,"href":"http:\/\/projeto.esepf.pt\/depsocial\/observatorio\/index.php?rest_route=\/wp\/v2\/users\/1"}],"replies":[{"embeddable":true,"href":"http:\/\/projeto.esepf.pt\/depsocial\/observatorio\/index.php?rest_route=%2Fwp%2Fv2%2Fcomments&post=155"}],"version-history":[{"count":4,"href":"http:\/\/projeto.esepf.pt\/depsocial\/observatorio\/index.php?rest_route=\/wp\/v2\/posts\/155\/revisions"}],"predecessor-version":[{"id":398,"href":"http:\/\/projeto.esepf.pt\/depsocial\/observatorio\/index.php?rest_route=\/wp\/v2\/posts\/155\/revisions\/398"}],"wp:featuredmedia":[{"embeddable":true,"href":"http:\/\/projeto.esepf.pt\/depsocial\/observatorio\/index.php?rest_route=\/wp\/v2\/media\/219"}],"wp:attachment":[{"href":"http:\/\/projeto.esepf.pt\/depsocial\/observatorio\/index.php?rest_route=%2Fwp%2Fv2%2Fmedia&parent=155"}],"wp:term":[{"taxonomy":"category","embeddable":true,"href":"http:\/\/projeto.esepf.pt\/depsocial\/observatorio\/index.php?rest_route=%2Fwp%2Fv2%2Fcategories&post=155"},{"taxonomy":"post_tag","embeddable":true,"href":"http:\/\/projeto.esepf.pt\/depsocial\/observatorio\/index.php?rest_route=%2Fwp%2Fv2%2Ftags&post=155"}],"curies":[{"name":"wp","href":"https:\/\/api.w.org\/{rel}","templated":true}]}}