{"id":229,"date":"2014-02-11T09:25:53","date_gmt":"2014-02-11T09:25:53","guid":{"rendered":"http:\/\/obis.esepf.pt\/observatorio\/?p=229"},"modified":"2016-12-12T15:48:50","modified_gmt":"2016-12-12T15:48:50","slug":"comunidades-e-territorios","status":"publish","type":"post","link":"http:\/\/projeto.esepf.pt\/depsocial\/observatorio\/?p=229&lang=pt","title":{"rendered":"Comunidades e Territ\u00f3rios"},"content":{"rendered":"<h3><strong>Projetos em curso<\/strong><\/h3>\n<hr \/>\n<h4><strong>CLDS+ (P\u00f3voa de Varzim)<\/strong><\/h4>\n<p>Descri\u00e7\u00e3o: O Programa CLDS+ aplica-se a todo o territ\u00f3rio nacional continental. Os territ\u00f3rios a abranger pelos CLDS+ inserem-se num perfil territorial com uma ou mais das seguintes caracter\u00edsticas:<\/p>\n<ol>\n<li>Territ\u00f3rios especialmente afetados por desemprego;<\/li>\n<li>Territ\u00f3rios com situa\u00e7\u00f5es cr\u00edticas de pobreza, particularmente a infantil;<\/li>\n<li>Territ\u00f3rios envelhecidos;<\/li>\n<li>Territ\u00f3rios fortemente atingidos por calamidades.<\/li>\n<\/ol>\n<p>Desenvolvimento de atividades de monotoriza\u00e7\u00e3o e assessoria t\u00e9cnico-cient\u00edfica de a\u00e7\u00f5es do projeto.<\/p>\n<p>Equipa: Gabriela Trevisan, Florbela Samagaio, Jos\u00e9 Lu\u00eds Gon\u00e7alves<\/p>\n<hr \/>\n<h4><strong>Mapa Digital Interativo<\/strong><\/h4>\n<p>Descri\u00e7\u00e3o: conce\u00e7\u00e3o e implementa\u00e7\u00e3o de uma ferramenta tecnol\u00f3gica a alojar na web, designada \u201cmapa digital interativo\u201d (MDI), baseada nos Sistemas de Informa\u00e7\u00e3o Geogr\u00e1fica (SIG) com um conjunto de vantagens para o munic\u00edpio, tais como: permitir manter um diagn\u00f3stico social atualizado e acess\u00edvel aos agentes pessoais e institucionais no territ\u00f3rio; favorecer mecanismos de coopera\u00e7\u00e3o sistem\u00e1tica entre institui\u00e7\u00f5es, otimizando a gest\u00e3o de recursos na interven\u00e7\u00e3o social e\u00a0fundamentar tomadas de decis\u00e3o pol\u00edtica de natureza social, de forma objetiva e sustent\u00e1vel, permitindo, desta forma, concretizar prospetivamente pol\u00edticas de coes\u00e3o social.<\/p>\n<p>Equipa: Vitor Ribeiro, Jos\u00e9 Lu\u00eds Gon\u00e7alves, Florbela Samagaio, Gabriela Trevisan<\/p>\n<hr \/>\n<p><strong><span style=\"color: #808080;\">Projetos Terminados<\/span><\/strong><\/p>\n<hr \/>\n<h4><strong><span style=\"color: #808080;\">Contrato Local de Desenvolvimento Social (Vila do Conde)<\/span><\/strong><\/h4>\n<p><span style=\"color: #808080;\">Descri\u00e7\u00e3o: No \u00e2mbito dos Contrato Local de Desenvolvimento Social, a \u201cEscola de Ensino Especial M.A.D.I.\u201d, a \u201cEscola Superior de Educa\u00e7\u00e3o de Paula Frassinetti \u2013 ESEPF\u201d (atrav\u00e9s do Departamento de Educa\u00e7\u00e3o Social), a \u201cComiss\u00e3o Social Interfreguesias Norte do Ave \u2013 CSIFNA\u201d e o \u201cAgrupamento de Escolas da Junqueira \u2013 AEJ\u201d estabeleceram um protocolo de colabora\u00e7\u00e3o que visa promover e regular a interven\u00e7\u00e3o de diversos actores junto de fam\u00edlias vulner\u00e1veis e\/ou em risco de exclus\u00e3o social no territ\u00f3rio do munic\u00edpio e abrangidas pelo Contrato Local de Desenvolvimento Social de Vila do Conde, nomeadamente as fam\u00edlias com crian\u00e7as que frequentam o Agrupamento de Escolas da Junqueira. O horizonte temporal de actua\u00e7\u00e3o situa-se entre 2009-2012. O diagn\u00f3stico preliminar realizado e o conjunto de documentos cedidos e referenciados pelo CLDS de Vila do Conde, nomeadamente, o Plano de Desenvolvimento Social da Rede Social de Vila do Conde, o Diagn\u00f3stico de Freguesias do CLDS e o Projeto Educativo do Agrupamento de Escolas da Junqueira, apontam para a necessidade de interven\u00e7\u00e3o especialmente junto das fam\u00edlias ausentes da escola. O \u00e2mbito de interven\u00e7\u00e3o identificado passa por qualificar a rela\u00e7\u00e3o Escola-Fam\u00edlia (e, a um n\u00edvel mais global, Escola-Fam\u00edlia-Comunidade) com vista a potenciar o sucesso destas fam\u00edlias, trabalhando as compet\u00eancias do agregado em diferentes n\u00edveis\/\u00e1reas de interven\u00e7\u00e3o. Como fases desta interven\u00e7\u00e3o em curso, destacam-se: aprofundar os dados do diagn\u00f3stico, em particular, do Agrupamento de Escolas e das Fam\u00edlias; selecionar as fam\u00edlias sujeitos de interven\u00e7\u00e3o, com base em instrumentos de observa\u00e7\u00e3o\/categoriza\u00e7\u00e3o a realizar pela ESEPF e pelo CLDS;\u00a0 definir e selecionar \u00e1reas de interven\u00e7\u00e3o priorit\u00e1rias, objetivos e indicadores de avalia\u00e7\u00e3o; estruturar o conjunto de a\u00e7\u00f5es de acompanhamento e avalia\u00e7\u00e3o da ESEPF em rela\u00e7\u00e3o ao Agrupamento de Escolas e ao trabalho com as Fam\u00edlias; calendarizar os diferentes momentos da interven\u00e7\u00e3o.<\/span><\/p>\n<p><span style=\"color: #808080;\">Equipa: Adalberto dias de Carvalho, Gabriela Trevisan, Florbela Samagaio, Jos\u00e9 Lu\u00eds Gon\u00e7alves, Ivone Neves, C\u00e1tia Br\u00e1s<\/span><\/p>\n<hr \/>\n<h4><strong><span style=\"color: #808080;\">MDI \u2013 P\u00f3voa de Varzim<\/span><\/strong><\/h4>\n<p><span style=\"color: #808080;\">O Munic\u00edpio da P\u00f3voa de Varzim e a Escola Superior de Educa\u00e7\u00e3o de Paula Frassinetti assinaram um protocolo de coopera\u00e7\u00e3o para a conce\u00e7\u00e3o e implementa\u00e7\u00e3o de uma ferramenta tecnol\u00f3gica a alojar na web, designada \u201cmapa digital interativo\u201d (MDI), baseada nos Sistemas de Informa\u00e7\u00e3o Geogr\u00e1fica (SIG) com um conjunto de vantagens para o munic\u00edpio.<\/span><\/p>\n<p><span style=\"color: #808080;\">Objetivos: cria\u00e7\u00e3o de ferramenta digital de mapeamento e identifica\u00e7\u00e3o de indicadores sociais, e socioecon\u00f3micos de fundamento ao diagn\u00f3stico social; &#8211; cria\u00e7\u00e3o de ferramenta de gest\u00e3o de apoios sociais a fam\u00edlias do concelho, integradas entre institui\u00e7\u00f5es do concelho e &#8211; cria\u00e7\u00e3o de metodologia de mapeamento e cria\u00e7\u00e3o de zonas de vulnerabilidade social e de risco.<\/span><\/p>\n<p><span style=\"color: #808080;\">Equipa: Vitor Ribeiro, Jos\u00e9 Lu\u00eds Gon\u00e7alves, Florbela Samagaio, Gabriela Trevisan.<\/span><\/p>\n<hr \/>\n<h4><strong><span style=\"color: #808080;\">AAL4ALL \u2013 Ambient Assisted Living for All<\/span><\/strong><\/h4>\n<p><span style=\"color: #808080;\">As sociedades desenvolvidas enfrentam atualmente mudan\u00e7as demogr\u00e1ficas severas: o mundo est\u00e1 a envelhecer a um ritmo sem precedentes. Em 2000, cerca de 420 milh\u00f5es de pessoas, ou seja cerca de 7 por cento da popula\u00e7\u00e3o mundial, t\u00eam mais de 65 anos de idade. Em 2050, este n\u00famero ser\u00e1 de quase 1500 milh\u00f5es de pessoas, cerca de 16 por cento da popula\u00e7\u00e3o mundial. Esta tend\u00eancia demogr\u00e1fica ser\u00e1 acompanhada pelo aumento das pessoas com limita\u00e7\u00f5es f\u00edsicas. Novos desafios v\u00e3o impor-se aos sistemas tradicionais de sa\u00fade n\u00e3o s\u00f3 para Portugal mas tamb\u00e9m para todos os Estados europeus. H\u00e1 uma necessidade urgente de encontrar solu\u00e7\u00f5es que permitam aumentar o tempo de vida das pessoas no seu ambiente preferido, aumentando a sua autonomia, autoconfian\u00e7a e mobilidade. O projeto AAL4ALL apresenta uma ideia para uma resposta atrav\u00e9s do desenvolvimento de um ecossistema de produtos e servi\u00e7os para Ambient Assisted Living (AAL) associado a um modelo de neg\u00f3cio e validado atrav\u00e9s de um piloto de grande escala.<\/span><\/p>\n<p><span style=\"color: #808080;\">Projecto \u00e2ncora do HCP, o AAL4ALL \u00e9 co-financiado pelo Fundo Europeu de Desenvolvimento Regional, no \u00e2mbito do Programa Operacional Factores de Competitividade (COMPETE e Uni\u00e3o Europeia).<\/span><\/p>\n<p><span style=\"color: #808080;\">Objetivos: produzir um ecossistema de produtos e servi\u00e7os AAL associado a um modelo de neg\u00f3cios espec\u00edfico.<\/span><\/p>\n<p><span style=\"color: #808080;\">Equipa: David Cunha, Gabriela Trevisan, Florbela Samagaio<\/span><\/p>\n<hr \/>\n<p>&nbsp;<\/p>\n","protected":false},"excerpt":{"rendered":"<p>Projetos em curso CLDS+ (P\u00f3voa de Varzim) Descri\u00e7\u00e3o: O Programa CLDS+ aplica-se a todo o territ\u00f3rio nacional continental. Os territ\u00f3rios a abranger pelos CLDS+ inserem-se num perfil territorial com uma ou mais das seguintes caracter\u00edsticas: Territ\u00f3rios especialmente afetados por desemprego; Territ\u00f3rios com situa\u00e7\u00f5es cr\u00edticas de pobreza, particularmente a infantil; Territ\u00f3rios envelhecidos; Territ\u00f3rios fortemente atingidos por<a href=\"http:\/\/projeto.esepf.pt\/depsocial\/observatorio\/?p=229&#038;lang=pt\">[&#8230;]<\/a><\/p>\n","protected":false},"author":1,"featured_media":217,"comment_status":"closed","ping_status":"closed","sticky":false,"template":"","format":"standard","meta":[],"categories":[18],"tags":[],"_links":{"self":[{"href":"http:\/\/projeto.esepf.pt\/depsocial\/observatorio\/index.php?rest_route=\/wp\/v2\/posts\/229"}],"collection":[{"href":"http:\/\/projeto.esepf.pt\/depsocial\/observatorio\/index.php?rest_route=\/wp\/v2\/posts"}],"about":[{"href":"http:\/\/projeto.esepf.pt\/depsocial\/observatorio\/index.php?rest_route=\/wp\/v2\/types\/post"}],"author":[{"embeddable":true,"href":"http:\/\/projeto.esepf.pt\/depsocial\/observatorio\/index.php?rest_route=\/wp\/v2\/users\/1"}],"replies":[{"embeddable":true,"href":"http:\/\/projeto.esepf.pt\/depsocial\/observatorio\/index.php?rest_route=%2Fwp%2Fv2%2Fcomments&post=229"}],"version-history":[{"count":19,"href":"http:\/\/projeto.esepf.pt\/depsocial\/observatorio\/index.php?rest_route=\/wp\/v2\/posts\/229\/revisions"}],"predecessor-version":[{"id":397,"href":"http:\/\/projeto.esepf.pt\/depsocial\/observatorio\/index.php?rest_route=\/wp\/v2\/posts\/229\/revisions\/397"}],"wp:featuredmedia":[{"embeddable":true,"href":"http:\/\/projeto.esepf.pt\/depsocial\/observatorio\/index.php?rest_route=\/wp\/v2\/media\/217"}],"wp:attachment":[{"href":"http:\/\/projeto.esepf.pt\/depsocial\/observatorio\/index.php?rest_route=%2Fwp%2Fv2%2Fmedia&parent=229"}],"wp:term":[{"taxonomy":"category","embeddable":true,"href":"http:\/\/projeto.esepf.pt\/depsocial\/observatorio\/index.php?rest_route=%2Fwp%2Fv2%2Fcategories&post=229"},{"taxonomy":"post_tag","embeddable":true,"href":"http:\/\/projeto.esepf.pt\/depsocial\/observatorio\/index.php?rest_route=%2Fwp%2Fv2%2Ftags&post=229"}],"curies":[{"name":"wp","href":"https:\/\/api.w.org\/{rel}","templated":true}]}}