{"id":231,"date":"2014-02-11T09:24:47","date_gmt":"2014-02-11T09:24:47","guid":{"rendered":"http:\/\/obis.esepf.pt\/observatorio\/?p=231"},"modified":"2022-03-22T10:23:21","modified_gmt":"2022-03-22T10:23:21","slug":"contexto-escolar","status":"publish","type":"post","link":"http:\/\/projeto.esepf.pt\/depsocial\/observatorio\/?p=231&lang=pt","title":{"rendered":"Contexto Escolar"},"content":{"rendered":"<h3><strong>Projetos em curso<\/strong><\/h3>\n<hr \/>\n<h4><b>Escolas Ubuntu s\u00e3o acompanhadas pela ESEPF<\/b><\/h4>\n<p><a href=\"https:\/\/www.esepf.pt\/2021\/11\/escolas-ubuntu-sao-acompanhadas-pela-esepf\/\" target=\"_blank\" rel=\"noopener\">Descri\u00e7\u00e3o<\/a><\/p>\n<hr \/>\n<h4><strong>Aprender Direitos Humanos<\/strong><\/h4>\n<p><a href=\"http:\/\/www.esepf.pt\/a_projs\/projectos.html#dhum\">Descri\u00e7\u00e3o e atividades do projeto<\/a><\/p>\n<p>Equipa: Miguel Prata Gomes, Paula Medeiros, Walter Almeida<\/p>\n<hr \/>\n<h4><strong>Media\u00e7\u00e3o Escola-Fam\u00edlia (Agrupamento de Escolas do Viso)<\/strong><\/h4>\n<p>Descri\u00e7\u00e3o do projeto: assessoria e diagn\u00f3stico da rela\u00e7\u00e3o escola-fam\u00edlia, visando a promo\u00e7\u00e3o de atividades de media\u00e7\u00e3o entre pais, fam\u00edlia, comunidade e escola, numa perspetiva comunit\u00e1ria.<\/p>\n<p>Equipa: Florbela Samagaio, Gabriela Trevisan, Lu\u00edsa Helena Rodrigues<\/p>\n<hr \/>\n","protected":false},"excerpt":{"rendered":"<p>Projetos em curso Escolas Ubuntu s\u00e3o acompanhadas pela ESEPF Descri\u00e7\u00e3o Aprender Direitos Humanos Descri\u00e7\u00e3o e atividades do projeto Equipa: Miguel Prata Gomes, Paula Medeiros, Walter Almeida Media\u00e7\u00e3o Escola-Fam\u00edlia (Agrupamento de Escolas do Viso) Descri\u00e7\u00e3o do projeto: assessoria e diagn\u00f3stico da rela\u00e7\u00e3o escola-fam\u00edlia, visando a promo\u00e7\u00e3o de atividades de media\u00e7\u00e3o entre pais, fam\u00edlia, comunidade e escola,<a href=\"http:\/\/projeto.esepf.pt\/depsocial\/observatorio\/?p=231&#038;lang=pt\">[&#8230;]<\/a><\/p>\n","protected":false},"author":1,"featured_media":217,"comment_status":"closed","ping_status":"closed","sticky":false,"template":"","format":"standard","meta":[],"categories":[19],"tags":[],"_links":{"self":[{"href":"http:\/\/projeto.esepf.pt\/depsocial\/observatorio\/index.php?rest_route=\/wp\/v2\/posts\/231"}],"collection":[{"href":"http:\/\/projeto.esepf.pt\/depsocial\/observatorio\/index.php?rest_route=\/wp\/v2\/posts"}],"about":[{"href":"http:\/\/projeto.esepf.pt\/depsocial\/observatorio\/index.php?rest_route=\/wp\/v2\/types\/post"}],"author":[{"embeddable":true,"href":"http:\/\/projeto.esepf.pt\/depsocial\/observatorio\/index.php?rest_route=\/wp\/v2\/users\/1"}],"replies":[{"embeddable":true,"href":"http:\/\/projeto.esepf.pt\/depsocial\/observatorio\/index.php?rest_route=%2Fwp%2Fv2%2Fcomments&post=231"}],"version-history":[{"count":9,"href":"http:\/\/projeto.esepf.pt\/depsocial\/observatorio\/index.php?rest_route=\/wp\/v2\/posts\/231\/revisions"}],"predecessor-version":[{"id":503,"href":"http:\/\/projeto.esepf.pt\/depsocial\/observatorio\/index.php?rest_route=\/wp\/v2\/posts\/231\/revisions\/503"}],"wp:featuredmedia":[{"embeddable":true,"href":"http:\/\/projeto.esepf.pt\/depsocial\/observatorio\/index.php?rest_route=\/wp\/v2\/media\/217"}],"wp:attachment":[{"href":"http:\/\/projeto.esepf.pt\/depsocial\/observatorio\/index.php?rest_route=%2Fwp%2Fv2%2Fmedia&parent=231"}],"wp:term":[{"taxonomy":"category","embeddable":true,"href":"http:\/\/projeto.esepf.pt\/depsocial\/observatorio\/index.php?rest_route=%2Fwp%2Fv2%2Fcategories&post=231"},{"taxonomy":"post_tag","embeddable":true,"href":"http:\/\/projeto.esepf.pt\/depsocial\/observatorio\/index.php?rest_route=%2Fwp%2Fv2%2Ftags&post=231"}],"curies":[{"name":"wp","href":"https:\/\/api.w.org\/{rel}","templated":true}]}}