{"id":233,"date":"2014-02-11T09:23:12","date_gmt":"2014-02-11T09:23:12","guid":{"rendered":"http:\/\/obis.esepf.pt\/observatorio\/?p=233"},"modified":"2016-12-12T14:00:10","modified_gmt":"2016-12-12T14:00:10","slug":"familias-infancia-e-juventude","status":"publish","type":"post","link":"http:\/\/projeto.esepf.pt\/depsocial\/observatorio\/?p=233&lang=pt","title":{"rendered":"Fam\u00edlias, Inf\u00e2ncia e Juventude"},"content":{"rendered":"<h3><strong>Projetos em curso<\/strong><\/h3>\n<hr \/>\n<h4><strong>CLDS+ (P\u00f3voa de Varzim)<\/strong><\/h4>\n<p>Descri\u00e7\u00e3o: O Programa CLDS+ aplica-se a todo o territ\u00f3rio nacional continental. Os territ\u00f3rios a abranger pelos CLDS+ inserem-se num perfil territorial com uma ou mais das seguintes caracter\u00edsticas:<\/p>\n<ol>\n<li>Territ\u00f3rios especialmente afetados por desemprego;<\/li>\n<li>Territ\u00f3rios com situa\u00e7\u00f5es cr\u00edticas de pobreza, particularmente a infantil;<\/li>\n<li>Territ\u00f3rios envelhecidos;<\/li>\n<li>Territ\u00f3rios fortemente atingidos por calamidades.<\/li>\n<\/ol>\n<p>Objetivos: assessorar cientificamente encontros promovidos no \u00e2mbito da institucionaliza\u00e7\u00e3o e acolhimento de crian\u00e7as; formar t\u00e9cnicos no \u00e2mbito de interven\u00e7\u00e3o com fam\u00edlias multi-desafiadas.<\/p>\n<p>Equipa: Jos\u00e9 Lu\u00eds\u00a0 Gon\u00e7alves, Florbela Samagaio, Gabriela Trevisan<\/p>\n<hr \/>\n<h4><strong>Programa Escolhas, 6\u00aa gera\u00e7\u00e3o \u2013\u00a0Projecto Catapulta \u2013 2\u00aa edi\u00e7\u00e3o (<a href=\"http:\/\/www.sosracismo.pt\">SOS Racismo<\/a>)<\/strong><\/h4>\n<p>Descri\u00e7\u00e3o do projeto: O Projeto \u201cCatapulta\u201d \u00e9 promovido pelo Movimento SOS Racismo, na freguesia da S\u00e9 do Porto, este projeto tem como principais objetivos promover a inclus\u00e3o social de jovens da freguesia da S\u00e9 e zonas adjacentes, apoiando-os na constru\u00e7\u00e3o do seu percurso escolar ou profissional e desenvolver as suas compet\u00eancias pessoais e sociais, valorizando a sua origem e identidade. Tem como principais destinat\u00e1rios jovens entre os 11 e os 24 anos residentes na zona hist\u00f3rica.<\/p>\n<p>Equipa:\u00a0Florbela Samagaio, Gabriela Trevisan<\/p>\n<hr \/>\n<h4><strong>Processos de Autonomiza\u00e7\u00e3o de Jovens Institucionalizados<\/strong><\/h4>\n<p>Descri\u00e7\u00e3o: constru\u00e7\u00e3o de projeto de reflex\u00e3o com t\u00e9cnicos trabalhando com crian\u00e7as e jovens em processos de autonomia, em parceria com a ASAS de Santo Tirso, em f\u00f3runs regulares.<\/p>\n<p>Equipa: Jos\u00e9 Lu\u00eds Gon\u00e7alves, Florbela Samagaio, Gabriela Trevisan, J\u00falio Sousa, ASAS de Santo Tirso, Maria do C\u00e9u Brand\u00e3o<\/p>\n<hr \/>\n<h3><strong><span style=\"color: #808080;\">Projetos Terminados<\/span><\/strong><\/h3>\n<hr \/>\n<h4><strong><span style=\"color: #808080;\">Programa Escolhas, 5\u00aa gera\u00e7\u00e3o \u2013 Projecto Catapulta \u2013 1\u00aa edi\u00e7\u00e3o (<\/span><\/strong><strong><a href=\"http:\/\/www.sosracismo.pt\">SOS Racismo<\/a><\/strong><strong><span style=\"color: #808080;\">)<\/span><\/strong><\/h4>\n<p><span style=\"color: #808080;\">Descri\u00e7\u00e3o: Inserido na 5.\u00aa Gera\u00e7\u00e3o do Programa Escolhas e promovido pelo Movimento SOS Racismo, a ESEPF integra o Cons\u00f3rcio que visa, intervir na zona ampla da S\u00e9 do Porto. Os jovens entre os 11 e os 24 anos contribuem para o fen\u00f3menos como insucesso e abandono escolares, baixos n\u00edveis de escolaridade e de certifica\u00e7\u00e3o, tendo desistido da forma\u00e7\u00e3o e o desemprego\/desocupa\u00e7\u00e3o s\u00e3o fatores determinantes no modo como estes se olham a si pr\u00f3prios e s\u00e3o vistos pelos demais. Constituem objetivos apoiar estes jovens no seu percurso escolar mas tamb\u00e9m proporcionar viv\u00eancias que fomentem compet\u00eancias sociais e pessoais \u00fateis ao seu percurso de vida. Assim, este projeto tem a inten\u00e7\u00e3o de envolver crian\u00e7as, a partir dos 11 anos, e jovens at\u00e9 aos 24, em atividades com os seus pares e com os restantes residentes, bem como ajud\u00e1-los a encontrar formas de comunica\u00e7\u00e3o com as comunidades imigrantes que se t\u00eam vindo a instalar no territ\u00f3rio e com os visitantes de passagem que procuram conhecer a cidade.<\/span><\/p>\n<p><span style=\"color: #808080;\">Equipa: Gabriela Trevisan, Florbela Samagaio<\/span><\/p>\n<hr \/>\n","protected":false},"excerpt":{"rendered":"<p>Projetos em curso CLDS+ (P\u00f3voa de Varzim) Descri\u00e7\u00e3o: O Programa CLDS+ aplica-se a todo o territ\u00f3rio nacional continental. Os territ\u00f3rios a abranger pelos CLDS+ inserem-se num perfil territorial com uma ou mais das seguintes caracter\u00edsticas: Territ\u00f3rios especialmente afetados por desemprego; Territ\u00f3rios com situa\u00e7\u00f5es cr\u00edticas de pobreza, particularmente a infantil; Territ\u00f3rios envelhecidos; Territ\u00f3rios fortemente atingidos por<a href=\"http:\/\/projeto.esepf.pt\/depsocial\/observatorio\/?p=233&#038;lang=pt\">[&#8230;]<\/a><\/p>\n","protected":false},"author":1,"featured_media":217,"comment_status":"closed","ping_status":"closed","sticky":false,"template":"","format":"standard","meta":[],"categories":[20],"tags":[],"_links":{"self":[{"href":"http:\/\/projeto.esepf.pt\/depsocial\/observatorio\/index.php?rest_route=\/wp\/v2\/posts\/233"}],"collection":[{"href":"http:\/\/projeto.esepf.pt\/depsocial\/observatorio\/index.php?rest_route=\/wp\/v2\/posts"}],"about":[{"href":"http:\/\/projeto.esepf.pt\/depsocial\/observatorio\/index.php?rest_route=\/wp\/v2\/types\/post"}],"author":[{"embeddable":true,"href":"http:\/\/projeto.esepf.pt\/depsocial\/observatorio\/index.php?rest_route=\/wp\/v2\/users\/1"}],"replies":[{"embeddable":true,"href":"http:\/\/projeto.esepf.pt\/depsocial\/observatorio\/index.php?rest_route=%2Fwp%2Fv2%2Fcomments&post=233"}],"version-history":[{"count":6,"href":"http:\/\/projeto.esepf.pt\/depsocial\/observatorio\/index.php?rest_route=\/wp\/v2\/posts\/233\/revisions"}],"predecessor-version":[{"id":389,"href":"http:\/\/projeto.esepf.pt\/depsocial\/observatorio\/index.php?rest_route=\/wp\/v2\/posts\/233\/revisions\/389"}],"wp:featuredmedia":[{"embeddable":true,"href":"http:\/\/projeto.esepf.pt\/depsocial\/observatorio\/index.php?rest_route=\/wp\/v2\/media\/217"}],"wp:attachment":[{"href":"http:\/\/projeto.esepf.pt\/depsocial\/observatorio\/index.php?rest_route=%2Fwp%2Fv2%2Fmedia&parent=233"}],"wp:term":[{"taxonomy":"category","embeddable":true,"href":"http:\/\/projeto.esepf.pt\/depsocial\/observatorio\/index.php?rest_route=%2Fwp%2Fv2%2Fcategories&post=233"},{"taxonomy":"post_tag","embeddable":true,"href":"http:\/\/projeto.esepf.pt\/depsocial\/observatorio\/index.php?rest_route=%2Fwp%2Fv2%2Ftags&post=233"}],"curies":[{"name":"wp","href":"https:\/\/api.w.org\/{rel}","templated":true}]}}