{"id":287,"date":"2014-01-17T10:43:11","date_gmt":"2014-01-17T10:43:11","guid":{"rendered":"http:\/\/obis.esepf.pt\/?p=287"},"modified":"2016-12-12T11:25:43","modified_gmt":"2016-12-12T11:25:43","slug":"working-papers","status":"publish","type":"post","link":"http:\/\/projeto.esepf.pt\/depsocial\/observatorio\/?p=287&lang=pt","title":{"rendered":"Informa\u00e7\u00e3o dispon\u00edvel brevemente"},"content":{"rendered":"","protected":false},"excerpt":{"rendered":"","protected":false},"author":1,"featured_media":296,"comment_status":"closed","ping_status":"closed","sticky":false,"template":"","format":"standard","meta":[],"categories":[23],"tags":[],"_links":{"self":[{"href":"http:\/\/projeto.esepf.pt\/depsocial\/observatorio\/index.php?rest_route=\/wp\/v2\/posts\/287"}],"collection":[{"href":"http:\/\/projeto.esepf.pt\/depsocial\/observatorio\/index.php?rest_route=\/wp\/v2\/posts"}],"about":[{"href":"http:\/\/projeto.esepf.pt\/depsocial\/observatorio\/index.php?rest_route=\/wp\/v2\/types\/post"}],"author":[{"embeddable":true,"href":"http:\/\/projeto.esepf.pt\/depsocial\/observatorio\/index.php?rest_route=\/wp\/v2\/users\/1"}],"replies":[{"embeddable":true,"href":"http:\/\/projeto.esepf.pt\/depsocial\/observatorio\/index.php?rest_route=%2Fwp%2Fv2%2Fcomments&post=287"}],"version-history":[{"count":2,"href":"http:\/\/projeto.esepf.pt\/depsocial\/observatorio\/index.php?rest_route=\/wp\/v2\/posts\/287\/revisions"}],"predecessor-version":[{"id":320,"href":"http:\/\/projeto.esepf.pt\/depsocial\/observatorio\/index.php?rest_route=\/wp\/v2\/posts\/287\/revisions\/320"}],"wp:featuredmedia":[{"embeddable":true,"href":"http:\/\/projeto.esepf.pt\/depsocial\/observatorio\/index.php?rest_route=\/wp\/v2\/media\/296"}],"wp:attachment":[{"href":"http:\/\/projeto.esepf.pt\/depsocial\/observatorio\/index.php?rest_route=%2Fwp%2Fv2%2Fmedia&parent=287"}],"wp:term":[{"taxonomy":"category","embeddable":true,"href":"http:\/\/projeto.esepf.pt\/depsocial\/observatorio\/index.php?rest_route=%2Fwp%2Fv2%2Fcategories&post=287"},{"taxonomy":"post_tag","embeddable":true,"href":"http:\/\/projeto.esepf.pt\/depsocial\/observatorio\/index.php?rest_route=%2Fwp%2Fv2%2Ftags&post=287"}],"curies":[{"name":"wp","href":"https:\/\/api.w.org\/{rel}","templated":true}]}}