{"id":289,"date":"2016-03-04T09:17:07","date_gmt":"2016-03-04T09:17:07","guid":{"rendered":"http:\/\/obis.esepf.pt\/?p=289"},"modified":"2016-12-12T11:04:53","modified_gmt":"2016-12-12T11:04:53","slug":"convite-de-participacao-ao-programa-de-capacitacao-mais-lideres-jovens-cigans","status":"publish","type":"post","link":"http:\/\/projeto.esepf.pt\/depsocial\/observatorio\/?p=289&lang=pt","title":{"rendered":"Convite de Participa\u00e7\u00e3o ao Programa de Capacita\u00e7\u00e3o &#8220;Mais L\u00edderes &#8211; Jovens Cigan@s&#8221;"},"content":{"rendered":"<p><a href=\"http:\/\/obis.esepf.pt\/wp-content\/uploads\/2016\/03\/Convite_Programa-de-Capacita\u00e7\u00e3o.MaisLideresJovensCiganos.pdf\">Programa de Capacita\u00e7\u00e3o \u201cMais L\u00edderes &#8211; Jovens Cigan@s\u201d Alto Comissariado para as Migra\u00e7\u00f5es I.P. (ACM)<\/a><\/p>\n","protected":false},"excerpt":{"rendered":"<p>Programa de Capacita\u00e7\u00e3o \u201cMais L\u00edderes &#8211; Jovens Cigan@s\u201d Alto Comissariado para as Migra\u00e7\u00f5es I.P. (ACM)<\/p>\n","protected":false},"author":1,"featured_media":294,"comment_status":"closed","ping_status":"closed","sticky":false,"template":"","format":"standard","meta":[],"categories":[50,68],"tags":[],"_links":{"self":[{"href":"http:\/\/projeto.esepf.pt\/depsocial\/observatorio\/index.php?rest_route=\/wp\/v2\/posts\/289"}],"collection":[{"href":"http:\/\/projeto.esepf.pt\/depsocial\/observatorio\/index.php?rest_route=\/wp\/v2\/posts"}],"about":[{"href":"http:\/\/projeto.esepf.pt\/depsocial\/observatorio\/index.php?rest_route=\/wp\/v2\/types\/post"}],"author":[{"embeddable":true,"href":"http:\/\/projeto.esepf.pt\/depsocial\/observatorio\/index.php?rest_route=\/wp\/v2\/users\/1"}],"replies":[{"embeddable":true,"href":"http:\/\/projeto.esepf.pt\/depsocial\/observatorio\/index.php?rest_route=%2Fwp%2Fv2%2Fcomments&post=289"}],"version-history":[{"count":1,"href":"http:\/\/projeto.esepf.pt\/depsocial\/observatorio\/index.php?rest_route=\/wp\/v2\/posts\/289\/revisions"}],"predecessor-version":[{"id":291,"href":"http:\/\/projeto.esepf.pt\/depsocial\/observatorio\/index.php?rest_route=\/wp\/v2\/posts\/289\/revisions\/291"}],"wp:featuredmedia":[{"embeddable":true,"href":"http:\/\/projeto.esepf.pt\/depsocial\/observatorio\/index.php?rest_route=\/wp\/v2\/media\/294"}],"wp:attachment":[{"href":"http:\/\/projeto.esepf.pt\/depsocial\/observatorio\/index.php?rest_route=%2Fwp%2Fv2%2Fmedia&parent=289"}],"wp:term":[{"taxonomy":"category","embeddable":true,"href":"http:\/\/projeto.esepf.pt\/depsocial\/observatorio\/index.php?rest_route=%2Fwp%2Fv2%2Fcategories&post=289"},{"taxonomy":"post_tag","embeddable":true,"href":"http:\/\/projeto.esepf.pt\/depsocial\/observatorio\/index.php?rest_route=%2Fwp%2Fv2%2Ftags&post=289"}],"curies":[{"name":"wp","href":"https:\/\/api.w.org\/{rel}","templated":true}]}}