{"id":295,"date":"2016-04-05T15:33:35","date_gmt":"2016-04-05T15:33:35","guid":{"rendered":"http:\/\/obis.esepf.pt\/?p=295"},"modified":"2016-12-12T11:04:31","modified_gmt":"2016-12-12T11:04:31","slug":"encontros-da-educacao-e-pensamento-parte-ii-organizacao-mundial-de-saude-considera-assustadora-a-falta-de-autonomia-dos-adolescentes","status":"publish","type":"post","link":"http:\/\/projeto.esepf.pt\/depsocial\/observatorio\/?p=295&lang=pt","title":{"rendered":"Encontros da Educa\u00e7\u00e3o e Pensamento (Parte II): Organiza\u00e7\u00e3o Mundial de Sa\u00fade considera assustadora a falta de autonomia dos adolescentes"},"content":{"rendered":"<p><a href=\"http:\/\/josemiguelsilvajornalista.blogspot.pt\/2016\/04\/encontros-da-educacao-e-pensamento.html?utm_source=dlvr.it&amp;utm_medium=facebook\">Gabriela Trevisan, Madalena Wallenstein e Elisa Marques sensibilizaram,\u00a0na Funda\u00e7\u00e3o Lapa do Lobo,\u00a0para a cidadania infantil e para a educa\u00e7\u00e3o art\u00edstica.<\/a><\/p>\n<p>&nbsp;<\/p>\n<div id=\"overview\" class=\"open\">\n<div class=\"overview-panel current\">\n<div class=\"overview-wrap\">\n<div class=\"overview-inner\">\n<div class=\"overview-content\" tabindex=\"0\">\n<div class=\"article hentry  \">\n<div class=\"article-content entry-content\">\n<div class=\"p1\"><\/div>\n<div class=\"p2\"><a href=\"https:\/\/1.bp.blogspot.com\/-gduyAWSQuIM\/VwOWoteFZuI\/AAAAAAAAWjA\/ViDX0EQVyPIDQYGfeWv6YKeCKImr9XccA\/s1600\/IMG_1296.JPG\"><img loading=\"lazy\" class=\" alignright\" src=\"https:\/\/1.bp.blogspot.com\/-gduyAWSQuIM\/VwOWoteFZuI\/AAAAAAAAWjA\/ViDX0EQVyPIDQYGfeWv6YKeCKImr9XccA\/s400\/IMG_1296.JPG\" alt=\"\" width=\"400\" height=\"266\" border=\"0\" \/><\/a>Os Encontros da Educa\u00e7\u00e3o e do Pensamento ficaram marcados por mais tr\u00eas interven\u00e7\u00f5es de grande qualidade, que centraram as aten\u00e7\u00f5es em aspetos relacionados com a cidadania infantil e a liga\u00e7\u00e3o entre educa\u00e7\u00e3o e artes.<\/div>\n<div class=\"p2\">Gabriela Trevisan, professora e investigadora, sustentou que &#8220;as crian\u00e7as t\u00eam vis\u00f5es pr\u00f3prias e n\u00e3o iguais \u00e0s dos adultos,mas a tend\u00eancia \u00e9 n\u00e3o levar isso a s\u00e9rio e pensar que as perspetivas delas n\u00e3o resultam, logo a participa\u00e7\u00e3o da crian\u00e7a \u00e9 muito importante e est\u00e1 consagrada nos seus direitos&#8221;. Aludindo ao projeto da Escola da Ponte de Jos\u00e9 Pacheco, reconheceu que &#8220;<b><\/b>est\u00e1<b>\u00a0<\/b>sempre na nossa cabe\u00e7a, por tanto se tentar, mas ao mesmo tempo a escola vai sobrevivendo&#8221;, afirmou. &#8220;As crian\u00e7as tamb\u00e9m devem ter a\u00e7\u00e3o pol\u00edtica, no sentido mais abrangente de fazerem parte de comunidades mais vastas e tomarem decis\u00f5es, mas com os adultos a mediar&#8221;, defende, admitindo que &#8220;os processos de co-decis\u00e3o s\u00e3o muitos poucos&#8221;\u00a0 e que &#8220;a autonomia da crian\u00e7a \u00e9 fundamental&#8221;. &#8220;As crian\u00e7as raramente s\u00e3o ouvidas e envolvidas, pela atitude critica ou construtiva, num projeto educativo&#8221;, da\u00ed que defenda que &#8220;as assembleias de turma s\u00e3o muito importantes para uma rela\u00e7\u00e3o mais igualit\u00e1ria entre professores e alunos&#8221;.<\/div>\n<div class=\"p2\">A Coordenadora do Projeto Alcateia da FLL e organizadora dos Encontros, Ana L\u00facia Figueiredo, alertou para o grande crescimento do ensino dom\u00e9stico : &#8220;Triplicou o n\u00famero de fam\u00edlias em que a escolaridade \u00e9 feita em casa &#8211; de 199 para 564 &#8211; \u00e9 assustador porque j\u00e1 n\u00e3o est\u00e3o a confiar no ensino p\u00fablico&#8221;. Gabriela Trevisan chamou ainda a aten\u00e7\u00e3o para dados da OMS que apontam para uma &#8220;assustadora falta autonomia nos nossos adolescentes&#8221;.<\/div>\n<div class=\"p2\">Madalena Wallenstein, Coordenadora do Projeto Educativo do Centro Cultural da Bel\u00e9m &#8220;F\u00e1brica das Artes&#8221;, explicou que a ideia \u00e9, atrav\u00e9s das artes, &#8220;experimentar o que n\u00e3o \u00e9 \u00f3bvio&#8221;. &#8220;Dar um abalo no \u00f3bvio e questionar, questionar muito &#8211; \u00e9 para isto que serve a arte&#8221;, defende, afirmando que &#8220;o pensamento cr\u00edtico nasce quando nascemos&#8221;. Outra ideia chave que deixou foi &#8220;a cultura \u00e9 o que permite que o ensino se torne educa\u00e7\u00e3o&#8221;.<\/div>\n<div class=\"\">Elisa Marques, Coordenadora do Programa de Educa\u00e7\u00e3o Est\u00e9tica e Art\u00edstica da Dire\u00e7\u00e3o Geral da Educa\u00e7\u00e3o, explicou que este programa pretende ser &#8220;uma formaliza\u00e7\u00e3o pr\u00e1tica da teoria, sobre a educa\u00e7\u00e3o art\u00edstica&#8221;. &#8220;Est\u00e1 consagrado na Lei, que todas as crian\u00e7as t\u00eam direito ao acesso \u00e0 cultura, mas esse des\u00edgnio nunca foi atingido&#8221;, lembrou, revelando que &#8220;conseguimos j\u00e1 implementar o Programa em 117 Agrupamentos de Escolas, mas este desafio n\u00e3o tem sido f\u00e1cil&#8221;.<\/div>\n<div class=\"\"><\/div>\n<div class=\"separator\"><a href=\"https:\/\/3.bp.blogspot.com\/-k6YgQZFKbFo\/VwOWwSJj7GI\/AAAAAAAAWjQ\/y-Tij40gs6AybucpZHIV99POrwDixgmnQ\/s1600\/IMG_1308.JPG\"><img loading=\"lazy\" src=\"https:\/\/3.bp.blogspot.com\/-k6YgQZFKbFo\/VwOWwSJj7GI\/AAAAAAAAWjQ\/y-Tij40gs6AybucpZHIV99POrwDixgmnQ\/s640\/IMG_1308.JPG\" alt=\"\" width=\"640\" height=\"426\" border=\"0\" \/><\/a><\/div>\n<div class=\"separator\"><\/div>\n<div class=\"separator\"><a href=\"https:\/\/3.bp.blogspot.com\/-bqZGOrA5xvE\/VwOWx4GRe0I\/AAAAAAAAWjI\/ko2xnRd-2uMg9Ou6EhPwqNjFEOLAx6cLA\/s1600\/IMG_1314.JPG\"><img loading=\"lazy\" src=\"https:\/\/3.bp.blogspot.com\/-bqZGOrA5xvE\/VwOWx4GRe0I\/AAAAAAAAWjI\/ko2xnRd-2uMg9Ou6EhPwqNjFEOLAx6cLA\/s640\/IMG_1314.JPG\" alt=\"\" width=\"640\" height=\"426\" border=\"0\" \/><\/a><\/div>\n<\/div>\n<div class=\"article-content entry-content\"><a href=\"http:\/\/josemiguelsilvajornalista.blogspot.pt\/2016\/04\/encontros-da-educacao-e-pensamento.html?utm_source=dlvr.it&amp;utm_medium=facebook\">Texto original<\/a><\/div>\n<div class=\"article-footer\"><\/div>\n<\/div>\n<\/div>\n<\/div>\n<\/div>\n<\/div>\n<\/div>\n","protected":false},"excerpt":{"rendered":"<p>Gabriela Trevisan, Madalena Wallenstein e Elisa Marques sensibilizaram,\u00a0na Funda\u00e7\u00e3o Lapa do Lobo,\u00a0para a cidadania infantil e para a educa\u00e7\u00e3o art\u00edstica. &nbsp; Os Encontros da Educa\u00e7\u00e3o e do Pensamento ficaram marcados por mais tr\u00eas interven\u00e7\u00f5es de grande qualidade, que centraram as aten\u00e7\u00f5es em aspetos relacionados com a cidadania infantil e a liga\u00e7\u00e3o entre educa\u00e7\u00e3o e artes.<a href=\"http:\/\/projeto.esepf.pt\/depsocial\/observatorio\/?p=295&#038;lang=pt\">[&#8230;]<\/a><\/p>\n","protected":false},"author":1,"featured_media":296,"comment_status":"closed","ping_status":"closed","sticky":false,"template":"","format":"standard","meta":[],"categories":[50,68],"tags":[],"_links":{"self":[{"href":"http:\/\/projeto.esepf.pt\/depsocial\/observatorio\/index.php?rest_route=\/wp\/v2\/posts\/295"}],"collection":[{"href":"http:\/\/projeto.esepf.pt\/depsocial\/observatorio\/index.php?rest_route=\/wp\/v2\/posts"}],"about":[{"href":"http:\/\/projeto.esepf.pt\/depsocial\/observatorio\/index.php?rest_route=\/wp\/v2\/types\/post"}],"author":[{"embeddable":true,"href":"http:\/\/projeto.esepf.pt\/depsocial\/observatorio\/index.php?rest_route=\/wp\/v2\/users\/1"}],"replies":[{"embeddable":true,"href":"http:\/\/projeto.esepf.pt\/depsocial\/observatorio\/index.php?rest_route=%2Fwp%2Fv2%2Fcomments&post=295"}],"version-history":[{"count":4,"href":"http:\/\/projeto.esepf.pt\/depsocial\/observatorio\/index.php?rest_route=\/wp\/v2\/posts\/295\/revisions"}],"predecessor-version":[{"id":300,"href":"http:\/\/projeto.esepf.pt\/depsocial\/observatorio\/index.php?rest_route=\/wp\/v2\/posts\/295\/revisions\/300"}],"wp:featuredmedia":[{"embeddable":true,"href":"http:\/\/projeto.esepf.pt\/depsocial\/observatorio\/index.php?rest_route=\/wp\/v2\/media\/296"}],"wp:attachment":[{"href":"http:\/\/projeto.esepf.pt\/depsocial\/observatorio\/index.php?rest_route=%2Fwp%2Fv2%2Fmedia&parent=295"}],"wp:term":[{"taxonomy":"category","embeddable":true,"href":"http:\/\/projeto.esepf.pt\/depsocial\/observatorio\/index.php?rest_route=%2Fwp%2Fv2%2Fcategories&post=295"},{"taxonomy":"post_tag","embeddable":true,"href":"http:\/\/projeto.esepf.pt\/depsocial\/observatorio\/index.php?rest_route=%2Fwp%2Fv2%2Ftags&post=295"}],"curies":[{"name":"wp","href":"https:\/\/api.w.org\/{rel}","templated":true}]}}