{"id":301,"date":"2016-05-06T09:19:46","date_gmt":"2016-05-06T09:19:46","guid":{"rendered":"http:\/\/obis.esepf.pt\/?p=301"},"modified":"2016-12-12T11:05:36","modified_gmt":"2016-12-12T11:05:36","slug":"acao-de-sensibilizacaoinformacao-prevencao-e-combate-a-violencia-domestica-e-de-genero","status":"publish","type":"post","link":"http:\/\/projeto.esepf.pt\/depsocial\/observatorio\/?p=301&lang=pt","title":{"rendered":"A\u00e7\u00e3o de Sensibiliza\u00e7\u00e3o\/Informa\u00e7\u00e3o &#8211; &#8220;Preven\u00e7\u00e3o e Combate \u00e0 Viol\u00eancia Dom\u00e9stica e de G\u00e9nero&#8221;"},"content":{"rendered":"<p>No \u00e2mbito do\u00a0 plano de forma\u00e7\u00e3o o Programa Escolhas divulga uma a\u00e7\u00e3o de sensibiliza\u00e7\u00e3o\/informa\u00e7\u00e3o subordinada ao tema\u00a0<em>\u201cPreven\u00e7\u00e3o e Combate \u00e0 Viol\u00eancia Dom\u00e9stica e de G\u00e9nero\u201d<\/em>, ministrada pela Comiss\u00e3o para a Cidadania e Igualdade de G\u00e9nero (GIG).<\/p>\n<p>A a\u00e7\u00e3o \u201cPreven\u00e7\u00e3o e Combate \u00e0 Viol\u00eancia Dom\u00e9stica e de G\u00e9nero\u201d visa sensibilizar os profissionais de diversas \u00e1reas para a problem\u00e1tica da Viol\u00eancia de G\u00e9nero na perspetiva da \u00a0Conven\u00e7\u00e3o de Istambul, que reconhece a viol\u00eancia contra as mulheres como uma manifesta\u00e7\u00e3o das rela\u00e7\u00f5es de poder historicamente desiguais entre mulheres e homens que conduziram \u00e0 domina\u00e7\u00e3o e discrimina\u00e7\u00e3o contra as mulheres pelos homens, o que as impediu de progredirem plenamente. Assim as mulheres e raparigas est\u00e3o muitas vezes expostas a formas graves de viol\u00eancia, tais como a viol\u00eancia dom\u00e9stica, o ass\u00e9dio sexual, a viola\u00e7\u00e3o, o casamento for\u00e7ado, os chamados \u00abcrimes de honra\u00bb e a mutila\u00e7\u00e3o genital, os quais constituem uma viola\u00e7\u00e3o grave dos direitos humanos das mulheres e das raparigas e um obst\u00e1culo importante \u00e0 realiza\u00e7\u00e3o da igualdade entre mulheres e homens.<\/p>\n<p>&nbsp;<\/p>\n<p><strong><u>Datas e\u00a0locais:<\/u><\/strong><\/p>\n<table>\n<tbody>\n<tr>\n<td width=\"415\"><u>Lisboa:<\/u><br \/>\nData:\u00a0<strong>11 de maio de 2016<\/strong><br \/>\nHor\u00e1rio: 09h00 \u2013 13h00<br \/>\nLocal: Centro Nacional de Apoio ao ImigranteEndere\u00e7o: Rua \u00c1lvaro Coutinho, n\u00ba 14 &#8211; 16 &#8211; 1150-025 Lisboa<\/td>\n<\/tr>\n<\/tbody>\n<\/table>\n<p>&nbsp;<\/p>\n<table>\n<tbody>\n<tr>\n<td width=\"415\"><u>Porto:<\/u><br \/>\nData:\u00a0<strong>23 de maio de 2016<\/strong><br \/>\nHor\u00e1rio: 09h00 \u2013 13h00<br \/>\nLocal: Instituto Portugu\u00eas do Desporto e Juventude (a confirmar)Endere\u00e7o: Rua Rodrigues Lobo, n.\u00ba 98, Porto<\/td>\n<\/tr>\n<\/tbody>\n<\/table>\n<p>&nbsp;<\/p>\n<p><strong><u>Destinat\u00e1rios dos workshops\/a\u00e7\u00f5es:<\/u><\/strong><\/p>\n<p>S\u00e3o destinat\u00e1rios destes workshops\/a\u00e7\u00f5es\u00a0<u>todos os interessados<\/u>\u00a0nestas tem\u00e1ticas, para al\u00e9m das equipas t\u00e9cnicas dos projetos Escolhas, sendo importante a divulga\u00e7\u00e3o \u00a0desta oferta formativa pelos projetos locais \u00e0s institui\u00e7\u00f5es que constituem os seus cons\u00f3rcios bem como a outras entidades que poder\u00e3o revelar interesse nestas \u00e1reas de atua\u00e7\u00e3o.<\/p>\n<p>&nbsp;<\/p>\n<p><strong><u>Processo de inscri\u00e7\u00e3o:<\/u><\/strong><\/p>\n<p>Os interessados dever\u00e3o efetuar as inscri\u00e7\u00f5es para a a\u00e7\u00e3o de Lisboa at\u00e9 ao dia\u00a0<strong>09 de maio\u00a0\u00a0<\/strong>e para a a\u00e7\u00e3o do Porto ate ao dia\u00a0<strong>19 de maio, a<\/strong>cedendo ao link \u00a0para efetuar a inscri\u00e7\u00e3o:\u00a0<a href=\"https:\/\/goo.gl\/N3bklP\">https:\/\/goo.gl\/N3bklP<\/a><\/p>\n<p>As inscri\u00e7\u00f5es est\u00e3o limitadas ao n\u00famero de\u00a0<strong>2<\/strong><strong>0\u00a0participantes<\/strong>\u00a0por sess\u00e3o.<\/p>\n<p><strong><u>Todos os participantes receber\u00e3o um email de confirma\u00e7\u00e3o da sua presen\u00e7a na a\u00e7\u00e3o supracitada.<\/u><\/strong><\/p>\n<p>Para quaisquer quest\u00f5es relacionadas com esta a\u00e7\u00e3o formativa poder\u00e3o articular com J\u00falia Santos e\/ou Margarida Videira\u00a0<a href=\"mailto:julias.consultores@programaescolhas.pt\">julias.consultores@programaescolhas.pt<\/a><\/p>\n<p>e\u00a0<a href=\"mailto:margaridav.consultores@programaescolhas.pt\">margaridav.consultores@programaescolhas.pt<\/a>\u00a0\u00a0\u00a0ou atrav\u00e9s de contacto telef\u00f3nico:\u00a0<strong>21 810 30 60.<\/strong><\/p>\n","protected":false},"excerpt":{"rendered":"<p>No \u00e2mbito do\u00a0 plano de forma\u00e7\u00e3o o Programa Escolhas divulga uma a\u00e7\u00e3o de sensibiliza\u00e7\u00e3o\/informa\u00e7\u00e3o subordinada ao tema\u00a0\u201cPreven\u00e7\u00e3o e Combate \u00e0 Viol\u00eancia Dom\u00e9stica e de G\u00e9nero\u201d, ministrada pela Comiss\u00e3o para a Cidadania e Igualdade de G\u00e9nero (GIG). A a\u00e7\u00e3o \u201cPreven\u00e7\u00e3o e Combate \u00e0 Viol\u00eancia Dom\u00e9stica e de G\u00e9nero\u201d visa sensibilizar os profissionais de diversas \u00e1reas para<a href=\"http:\/\/projeto.esepf.pt\/depsocial\/observatorio\/?p=301&#038;lang=pt\">[&#8230;]<\/a><\/p>\n","protected":false},"author":1,"featured_media":294,"comment_status":"closed","ping_status":"closed","sticky":false,"template":"","format":"standard","meta":[],"categories":[50,68],"tags":[],"_links":{"self":[{"href":"http:\/\/projeto.esepf.pt\/depsocial\/observatorio\/index.php?rest_route=\/wp\/v2\/posts\/301"}],"collection":[{"href":"http:\/\/projeto.esepf.pt\/depsocial\/observatorio\/index.php?rest_route=\/wp\/v2\/posts"}],"about":[{"href":"http:\/\/projeto.esepf.pt\/depsocial\/observatorio\/index.php?rest_route=\/wp\/v2\/types\/post"}],"author":[{"embeddable":true,"href":"http:\/\/projeto.esepf.pt\/depsocial\/observatorio\/index.php?rest_route=\/wp\/v2\/users\/1"}],"replies":[{"embeddable":true,"href":"http:\/\/projeto.esepf.pt\/depsocial\/observatorio\/index.php?rest_route=%2Fwp%2Fv2%2Fcomments&post=301"}],"version-history":[{"count":2,"href":"http:\/\/projeto.esepf.pt\/depsocial\/observatorio\/index.php?rest_route=\/wp\/v2\/posts\/301\/revisions"}],"predecessor-version":[{"id":371,"href":"http:\/\/projeto.esepf.pt\/depsocial\/observatorio\/index.php?rest_route=\/wp\/v2\/posts\/301\/revisions\/371"}],"wp:featuredmedia":[{"embeddable":true,"href":"http:\/\/projeto.esepf.pt\/depsocial\/observatorio\/index.php?rest_route=\/wp\/v2\/media\/294"}],"wp:attachment":[{"href":"http:\/\/projeto.esepf.pt\/depsocial\/observatorio\/index.php?rest_route=%2Fwp%2Fv2%2Fmedia&parent=301"}],"wp:term":[{"taxonomy":"category","embeddable":true,"href":"http:\/\/projeto.esepf.pt\/depsocial\/observatorio\/index.php?rest_route=%2Fwp%2Fv2%2Fcategories&post=301"},{"taxonomy":"post_tag","embeddable":true,"href":"http:\/\/projeto.esepf.pt\/depsocial\/observatorio\/index.php?rest_route=%2Fwp%2Fv2%2Ftags&post=301"}],"curies":[{"name":"wp","href":"https:\/\/api.w.org\/{rel}","templated":true}]}}