{"id":303,"date":"2016-11-29T09:23:25","date_gmt":"2016-11-29T09:23:25","guid":{"rendered":"http:\/\/obis.esepf.pt\/?p=303"},"modified":"2016-12-12T11:04:45","modified_gmt":"2016-12-12T11:04:45","slug":"10-anos-a-des-construir-o-acolhimento-institucional-seminario-dos-10-anos-da-casa-do-regaco","status":"publish","type":"post","link":"http:\/\/projeto.esepf.pt\/depsocial\/observatorio\/?p=303&lang=pt","title":{"rendered":"\u201c10 anos a (des) construir o acolhimento Institucional\u201d \u2013 Semin\u00e1rio dos 10 anos da Casa do Rega\u00e7o"},"content":{"rendered":"<p>A Casa do Rega\u00e7o promoveu, dia 24 de novembro de 2016, no Cine-Teatro Garrett, P\u00f3voa de Varzim, um semin\u00e1rio no \u00e2mbito da celebra\u00e7\u00e3o dos 10 anos da institui\u00e7\u00e3o. Destinado aos profissionais da \u00c1rea Social, Sa\u00fade e Educa\u00e7\u00e3o, o semin\u00e1rio contou com o apoio cient\u00edfico da Escola Superior de Educa\u00e7\u00e3o de Paula Frassinetti (ESEPF).<\/p>\n<p>Intitulado \u201c10 anos a (des) construir o acolhimento Institucional\u201d, o evento versou sobre os desafios e pr\u00e1ticas no ato de acolher crian\u00e7as institucionalmente. Atrav\u00e9s do debate, refletiu-se sobre as quest\u00f5es cient\u00edficas, t\u00e9cnicas e \u00e9ticas que se levantam a partir da interven\u00e7\u00e3o quotidiana realizadas por t\u00e9cnicos no acolhimento a crian\u00e7as, bem como as rela\u00e7\u00f5es entre escola e institui\u00e7\u00f5es de acolhimento. Identificaram-se ainda pr\u00e1ticas positivas que podem e devem ser valorizadas no acolhimento de crian\u00e7as.<\/p>\n<p><a href=\"http:\/\/www.cm-pvarzim.pt\/noticias\/garrett-recebeu-seminario-dos-10-anos-da-casa-do-regaco\">Ler Mais<\/a><\/p>\n","protected":false},"excerpt":{"rendered":"<p>A Casa do Rega\u00e7o promoveu, dia 24 de novembro de 2016, no Cine-Teatro Garrett, P\u00f3voa de Varzim, um semin\u00e1rio no \u00e2mbito da celebra\u00e7\u00e3o dos 10 anos da institui\u00e7\u00e3o. Destinado aos profissionais da \u00c1rea Social, Sa\u00fade e Educa\u00e7\u00e3o, o semin\u00e1rio contou com o apoio cient\u00edfico da Escola Superior de Educa\u00e7\u00e3o de Paula Frassinetti (ESEPF). Intitulado \u201c10<a href=\"http:\/\/projeto.esepf.pt\/depsocial\/observatorio\/?p=303&#038;lang=pt\">[&#8230;]<\/a><\/p>\n","protected":false},"author":1,"featured_media":294,"comment_status":"closed","ping_status":"closed","sticky":false,"template":"","format":"standard","meta":[],"categories":[50,68],"tags":[],"_links":{"self":[{"href":"http:\/\/projeto.esepf.pt\/depsocial\/observatorio\/index.php?rest_route=\/wp\/v2\/posts\/303"}],"collection":[{"href":"http:\/\/projeto.esepf.pt\/depsocial\/observatorio\/index.php?rest_route=\/wp\/v2\/posts"}],"about":[{"href":"http:\/\/projeto.esepf.pt\/depsocial\/observatorio\/index.php?rest_route=\/wp\/v2\/types\/post"}],"author":[{"embeddable":true,"href":"http:\/\/projeto.esepf.pt\/depsocial\/observatorio\/index.php?rest_route=\/wp\/v2\/users\/1"}],"replies":[{"embeddable":true,"href":"http:\/\/projeto.esepf.pt\/depsocial\/observatorio\/index.php?rest_route=%2Fwp%2Fv2%2Fcomments&post=303"}],"version-history":[{"count":1,"href":"http:\/\/projeto.esepf.pt\/depsocial\/observatorio\/index.php?rest_route=\/wp\/v2\/posts\/303\/revisions"}],"predecessor-version":[{"id":304,"href":"http:\/\/projeto.esepf.pt\/depsocial\/observatorio\/index.php?rest_route=\/wp\/v2\/posts\/303\/revisions\/304"}],"wp:featuredmedia":[{"embeddable":true,"href":"http:\/\/projeto.esepf.pt\/depsocial\/observatorio\/index.php?rest_route=\/wp\/v2\/media\/294"}],"wp:attachment":[{"href":"http:\/\/projeto.esepf.pt\/depsocial\/observatorio\/index.php?rest_route=%2Fwp%2Fv2%2Fmedia&parent=303"}],"wp:term":[{"taxonomy":"category","embeddable":true,"href":"http:\/\/projeto.esepf.pt\/depsocial\/observatorio\/index.php?rest_route=%2Fwp%2Fv2%2Fcategories&post=303"},{"taxonomy":"post_tag","embeddable":true,"href":"http:\/\/projeto.esepf.pt\/depsocial\/observatorio\/index.php?rest_route=%2Fwp%2Fv2%2Ftags&post=303"}],"curies":[{"name":"wp","href":"https:\/\/api.w.org\/{rel}","templated":true}]}}