{"id":366,"date":"2014-12-11T10:45:22","date_gmt":"2014-12-11T10:45:22","guid":{"rendered":"http:\/\/obis.esepf.pt\/?p=366"},"modified":"2016-12-12T18:27:32","modified_gmt":"2016-12-12T18:27:32","slug":"oferta-formativa-especializada-no-ambito-do-obis-dh-realizada-ou-disponivel","status":"publish","type":"post","link":"http:\/\/projeto.esepf.pt\/depsocial\/observatorio\/?p=366&lang=pt","title":{"rendered":"Oferta Formativa Especializada no \u00e2mbito do OBIS-DH (Realizada ou dispon\u00edvel)"},"content":{"rendered":"<p><strong>CLDS Vila do Conde <\/strong><\/p>\n<p>A\u00e7\u00f5es de forma\u00e7\u00e3o dirigidas a professores do Agrupamento de escolas da Junqueira; a\u00e7\u00f5es de forma\u00e7\u00e3o dirigidas a t\u00e9cnicos de interven\u00e7\u00e3o social e sa\u00fade, de diferentes institui\u00e7\u00f5es de Vila do Conde.<\/p>\n<hr \/>\n<p><strong>CLDS P\u00f3voa de Varzim<\/strong><\/p>\n<p>A\u00e7\u00e3o de forma\u00e7\u00e3o dirigida a t\u00e9cnicos de interven\u00e7\u00e3o social da P\u00f3voa de Varzim.<\/p>\n<hr \/>\n<p><a href=\"http:\/\/www.justicaparatodos.net\"><strong>Projeto Justi\u00e7a para Todos<\/strong><\/a><\/p>\n<p>Projeto de promo\u00e7\u00e3o dos valores democr\u00e1ticos colocando a Educa\u00e7\u00e3o para a Justi\u00e7a e o Direito (em especial os Direitos Humanos, direitos das minorias e n\u00e3o discrimina\u00e7\u00e3o) como ferramenta c\u00edvica fundamental num Estado-de-Direito. Desenrola-se atrav\u00e9s de a\u00e7\u00f5es de sensibiliza\u00e7\u00e3o, divulga\u00e7\u00e3o, workshops e jogos de simula\u00e7\u00e3o de um caso em tribunal, dirigidas a jovens, entre os 12 e os 25 anos. O Projeto decorre durante 4 anos e nele participam cerca de 370 docentes e t\u00e9cnicos de todo o pa\u00eds e a ESEPF \u00e9 respons\u00e1vel pela forma\u00e7\u00e3o destes agentes. O Projeto \u00e9 cofinanciando pela \u201cCidadania Ativa\u201d, \u201cEEEGrants\u201d e a Funda\u00e7\u00e3o Calouste Gulbenkian. Duas edi\u00e7\u00f5es da a\u00e7\u00e3o de Forma\u00e7\u00e3o \u201cMedia\u00e7\u00e3o para a Justi\u00e7a\u201d, dirigidas a professores e t\u00e9cnicos de interven\u00e7\u00e3o social e comunit\u00e1ria, num total de 25 horas, em regime de b-learning. A a\u00e7\u00e3o foi acreditada para os docentes. Participaram no segundo ciclo de forma\u00e7\u00e3o 82 docentes e t\u00e9cnicos.<\/p>\n<p>Equipa: Florbela Samagaio, Gabriela Trevisan, Miguel Prata Gomes<\/p>\n<hr \/>\n<p><strong>Forma\u00e7\u00e3o Par(A)colher Melhor<\/strong><\/p>\n<p>Acolhimento e Integra\u00e7\u00e3o dos Refugiados em Portugal. Inserido na <a href=\"http:\/\/www.refugiados.pt\/\">Plataforma de Apoio aos Refugiados (PAR)<\/a> esta forma\u00e7\u00e3o tem por objetivo apoiar a prepara\u00e7\u00e3o sociocultural, \u00e9tico-relacional, psicol\u00f3gica e religiosa dos t\u00e9cnicos das institui\u00e7\u00f5es anfitri\u00e3es que acolher\u00e3o refugiados em Portugal. Desenvolvida em ensino de a dist\u00e3ncia na plataforma de e-learning da ESEPF, compreende XI m\u00f3dulos dinamizados por seis (6) institui\u00e7\u00f5es de ensino superior e por uma institui\u00e7\u00e3o isl\u00e2mica.<\/p>\n<p>Equipa: Jos\u00e9 Lu\u00eds Gon\u00e7alves, Gabriela Trevisan, Florbela Samagaio, Miguel Prata Gomes Rui Ramalho, Paulo Machado<\/p>\n<hr \/>\n<p>&nbsp;<\/p>\n","protected":false},"excerpt":{"rendered":"<p>CLDS Vila do Conde A\u00e7\u00f5es de forma\u00e7\u00e3o dirigidas a professores do Agrupamento de escolas da Junqueira; a\u00e7\u00f5es de forma\u00e7\u00e3o dirigidas a t\u00e9cnicos de interven\u00e7\u00e3o social e sa\u00fade, de diferentes institui\u00e7\u00f5es de Vila do Conde. CLDS P\u00f3voa de Varzim A\u00e7\u00e3o de forma\u00e7\u00e3o dirigida a t\u00e9cnicos de interven\u00e7\u00e3o social da P\u00f3voa de Varzim. Projeto Justi\u00e7a para Todos<a href=\"http:\/\/projeto.esepf.pt\/depsocial\/observatorio\/?p=366&#038;lang=pt\">[&#8230;]<\/a><\/p>\n","protected":false},"author":1,"featured_media":296,"comment_status":"closed","ping_status":"closed","sticky":false,"template":"","format":"standard","meta":[],"categories":[8],"tags":[],"_links":{"self":[{"href":"http:\/\/projeto.esepf.pt\/depsocial\/observatorio\/index.php?rest_route=\/wp\/v2\/posts\/366"}],"collection":[{"href":"http:\/\/projeto.esepf.pt\/depsocial\/observatorio\/index.php?rest_route=\/wp\/v2\/posts"}],"about":[{"href":"http:\/\/projeto.esepf.pt\/depsocial\/observatorio\/index.php?rest_route=\/wp\/v2\/types\/post"}],"author":[{"embeddable":true,"href":"http:\/\/projeto.esepf.pt\/depsocial\/observatorio\/index.php?rest_route=\/wp\/v2\/users\/1"}],"replies":[{"embeddable":true,"href":"http:\/\/projeto.esepf.pt\/depsocial\/observatorio\/index.php?rest_route=%2Fwp%2Fv2%2Fcomments&post=366"}],"version-history":[{"count":3,"href":"http:\/\/projeto.esepf.pt\/depsocial\/observatorio\/index.php?rest_route=\/wp\/v2\/posts\/366\/revisions"}],"predecessor-version":[{"id":393,"href":"http:\/\/projeto.esepf.pt\/depsocial\/observatorio\/index.php?rest_route=\/wp\/v2\/posts\/366\/revisions\/393"}],"wp:featuredmedia":[{"embeddable":true,"href":"http:\/\/projeto.esepf.pt\/depsocial\/observatorio\/index.php?rest_route=\/wp\/v2\/media\/296"}],"wp:attachment":[{"href":"http:\/\/projeto.esepf.pt\/depsocial\/observatorio\/index.php?rest_route=%2Fwp%2Fv2%2Fmedia&parent=366"}],"wp:term":[{"taxonomy":"category","embeddable":true,"href":"http:\/\/projeto.esepf.pt\/depsocial\/observatorio\/index.php?rest_route=%2Fwp%2Fv2%2Fcategories&post=366"},{"taxonomy":"post_tag","embeddable":true,"href":"http:\/\/projeto.esepf.pt\/depsocial\/observatorio\/index.php?rest_route=%2Fwp%2Fv2%2Ftags&post=366"}],"curies":[{"name":"wp","href":"https:\/\/api.w.org\/{rel}","templated":true}]}}