{"id":368,"date":"2014-12-10T10:47:04","date_gmt":"2014-12-10T10:47:04","guid":{"rendered":"http:\/\/obis.esepf.pt\/?p=368"},"modified":"2016-12-12T18:28:29","modified_gmt":"2016-12-12T18:28:29","slug":"oferta-formativa-ese-de-paula-frassinetti","status":"publish","type":"post","link":"http:\/\/projeto.esepf.pt\/depsocial\/observatorio\/?p=368&lang=pt","title":{"rendered":"Oferta Formativa ESE de Paula Frassinetti"},"content":{"rendered":"<p><strong><a href=\"http:\/\/www.esepf.pt\/a_1ciclo\/soc.html\">Licenciatura em Educa\u00e7\u00e3o Social<\/a><\/strong><\/p>\n<p>A profiss\u00e3o de Educador Social assenta em compet\u00eancias espec\u00edficas de elevada qualifica\u00e7\u00e3o nos planos te\u00f3rico, metodol\u00f3gico, t\u00e9cnico e relacional, tais como:<\/p>\n<ul>\n<li>Identificar problem\u00e1ticas socioeducativas, concebendo projetos de vida e de interven\u00e7\u00e3o social adequados a cada situa\u00e7\u00e3o; &#8211; Compreender e responder aos desafios de vulnerabilidade de pessoas e grupos, na sociedade atual (exclus\u00e3o, risco\u2026);<\/li>\n<li>Fomentar compet\u00eancias de participa\u00e7\u00e3o social em todos os ciclos de vida das pessoas, nos mais variados grupos de perten\u00e7a e em contextos de interven\u00e7\u00e3o distintos (bairros, institui\u00e7\u00f5es de apoio especializado, autarquias e outros);<\/li>\n<li>Integrar equipas multidisciplinares, articulando diferentes \u00e1reas do saber, na promo\u00e7\u00e3o de interven\u00e7\u00f5es socioeducativas guiadas por padr\u00f5es \u00e9ticos contempor\u00e2neos.<\/li>\n<\/ul>\n<hr \/>\n<p><strong>P\u00f3s-gradua\u00e7\u00e3o em Interven\u00e7\u00e3o Socioeducativa em Contextos de Risco<\/strong><\/p>\n<p>Esta p\u00f3s-gradua\u00e7\u00e3o tem por objetivo permitir o aprofundamento das compet\u00eancias profissionais dos trabalhadores sociais, seja qual for a sua especialidade ou dom\u00ednio de interven\u00e7\u00e3o. Para tal, visa fornecer ferramentas de an\u00e1lise e diagn\u00f3stico, planifica\u00e7\u00e3o, interven\u00e7\u00e3o e avalia\u00e7\u00e3o de projetos de natureza socioeducativa, permitindo desenhar, com e para grupos humanos espec\u00edficos, estrat\u00e9gias de integra\u00e7\u00e3o social. Optando-se por promover, neste curso, modelos sustent\u00e1veis e sist\u00e9micos de interven\u00e7\u00e3o socioeducativa, fomentar-se-\u00e1 ativamente a articula\u00e7\u00e3o de redes e parecerias sociocomunit\u00e1rias existentes e o di\u00e1logo interprofissional entre os diversos\u00a0agentes implicados nos projetos em curso nos territ\u00f3rios considerados.<\/p>\n<p>O programa foi desenhado a partir do levantamento de necessidades espec\u00edficas de institui\u00e7\u00f5es de interven\u00e7\u00e3o social e encontra-se dispon\u00edvel para funcionamento.<\/p>\n<p>Pedidos de informa\u00e7\u00e3o: <a href=\"mailto:obis-dh@esepf.pt\" target=\"_blank\">obis-dh@esepf.pt<\/a><\/p>\n<hr \/>\n<p><strong><a href=\"http:\/\/www.esepf.pt\/a_2ciclo\/mestr_intcomu.html\">Mestrado em Interven\u00e7\u00e3o Comunit\u00e1ria<\/a><\/strong><\/p>\n<p>Este ciclo de estudos tem como objetivos: desenvolver e aprofundar conhecimentos na \u00e1rea da interven\u00e7\u00e3o comunit\u00e1ria e nos diferentes dom\u00ednios de especializa\u00e7\u00e3o; promover a capacidade de compreens\u00e3o, an\u00e1lise e operacionaliza\u00e7\u00e3o das quest\u00f5es socioeducativas em contextos institucionais e comunit\u00e1rios; oferecer instrumentos te\u00f3rico-metodol\u00f3gicos que conduzam a propostas de interven\u00e7\u00e3o rigorosas e \u00e0 elabora\u00e7\u00e3o e gest\u00e3o de projetos socioeducativos; promover a precis\u00e3o e o rigor necess\u00e1rios \u00e0 avalia\u00e7\u00e3o de projetos de interven\u00e7\u00e3o em contextos institucionais e comunit\u00e1rios; erigir a \u00e9tica e a deontologia como eixo de profissionalidade, descobrindo nos problemas e conflitos quotidianos, o espa\u00e7o\/desafio da decis\u00e3o profissional reflexiva\/aut\u00f3noma, e respons\u00e1vel, fundamentada em valores e princ\u00edpios da atua\u00e7\u00e3o; desenvolver capacidades de investiga\u00e7\u00e3o-a\u00e7\u00e3o no contexto de especializa\u00e7\u00e3o da interven\u00e7\u00e3o comunit\u00e1ria que permitam a inova\u00e7\u00e3o dos conhecimentos e pr\u00e1ticas profissionais a ela subjacentes.<\/p>\n<hr \/>\n<p>&nbsp;<\/p>\n","protected":false},"excerpt":{"rendered":"<p>Licenciatura em Educa\u00e7\u00e3o Social A profiss\u00e3o de Educador Social assenta em compet\u00eancias espec\u00edficas de elevada qualifica\u00e7\u00e3o nos planos te\u00f3rico, metodol\u00f3gico, t\u00e9cnico e relacional, tais como: Identificar problem\u00e1ticas socioeducativas, concebendo projetos de vida e de interven\u00e7\u00e3o social adequados a cada situa\u00e7\u00e3o; &#8211; Compreender e responder aos desafios de vulnerabilidade de pessoas e grupos, na sociedade atual<a href=\"http:\/\/projeto.esepf.pt\/depsocial\/observatorio\/?p=368&#038;lang=pt\">[&#8230;]<\/a><\/p>\n","protected":false},"author":1,"featured_media":296,"comment_status":"closed","ping_status":"closed","sticky":false,"template":"","format":"standard","meta":[],"categories":[8],"tags":[],"_links":{"self":[{"href":"http:\/\/projeto.esepf.pt\/depsocial\/observatorio\/index.php?rest_route=\/wp\/v2\/posts\/368"}],"collection":[{"href":"http:\/\/projeto.esepf.pt\/depsocial\/observatorio\/index.php?rest_route=\/wp\/v2\/posts"}],"about":[{"href":"http:\/\/projeto.esepf.pt\/depsocial\/observatorio\/index.php?rest_route=\/wp\/v2\/types\/post"}],"author":[{"embeddable":true,"href":"http:\/\/projeto.esepf.pt\/depsocial\/observatorio\/index.php?rest_route=\/wp\/v2\/users\/1"}],"replies":[{"embeddable":true,"href":"http:\/\/projeto.esepf.pt\/depsocial\/observatorio\/index.php?rest_route=%2Fwp%2Fv2%2Fcomments&post=368"}],"version-history":[{"count":4,"href":"http:\/\/projeto.esepf.pt\/depsocial\/observatorio\/index.php?rest_route=\/wp\/v2\/posts\/368\/revisions"}],"predecessor-version":[{"id":384,"href":"http:\/\/projeto.esepf.pt\/depsocial\/observatorio\/index.php?rest_route=\/wp\/v2\/posts\/368\/revisions\/384"}],"wp:featuredmedia":[{"embeddable":true,"href":"http:\/\/projeto.esepf.pt\/depsocial\/observatorio\/index.php?rest_route=\/wp\/v2\/media\/296"}],"wp:attachment":[{"href":"http:\/\/projeto.esepf.pt\/depsocial\/observatorio\/index.php?rest_route=%2Fwp%2Fv2%2Fmedia&parent=368"}],"wp:term":[{"taxonomy":"category","embeddable":true,"href":"http:\/\/projeto.esepf.pt\/depsocial\/observatorio\/index.php?rest_route=%2Fwp%2Fv2%2Fcategories&post=368"},{"taxonomy":"post_tag","embeddable":true,"href":"http:\/\/projeto.esepf.pt\/depsocial\/observatorio\/index.php?rest_route=%2Fwp%2Fv2%2Ftags&post=368"}],"curies":[{"name":"wp","href":"https:\/\/api.w.org\/{rel}","templated":true}]}}