{"id":404,"date":"2017-03-13T12:21:37","date_gmt":"2017-03-13T12:21:37","guid":{"rendered":"http:\/\/obis.esepf.pt\/?p=404"},"modified":"2017-03-13T12:22:19","modified_gmt":"2017-03-13T12:22:19","slug":"a-analise-do-bem-estar-das-criancas-e-jovens-e-os-direitos-da-crianca","status":"publish","type":"post","link":"http:\/\/projeto.esepf.pt\/depsocial\/observatorio\/?p=404&lang=pt","title":{"rendered":"\u201cA an\u00e1lise do Bem-estar das Crian\u00e7as e Jovens e os direitos da Crian\u00e7a\u201d"},"content":{"rendered":"<p>Apresenta\u00e7\u00e3o do livro \u201cA an\u00e1lise do Bem-estar das Crian\u00e7as e Jovens e os direitos da Crian\u00e7a\u201d , dia 17 de mar\u00e7o, pelas 17:00h, no Instituto Superior de Servi\u00e7o Social do Porto, Av. Dr. Manuel Teixeira Ruela, 370, Senhora da Hora, Matosinhos.<\/p>\n<p>+ info <a href=\"http:\/\/flashrede.blogspot.pt\/2017\/03\/a-analise-do-bem-estar-das-criancas-e.html?spref=fb\">aqui<\/a><\/p>\n","protected":false},"excerpt":{"rendered":"<p>Apresenta\u00e7\u00e3o do livro \u201cA an\u00e1lise do Bem-estar das Crian\u00e7as e Jovens e os direitos da Crian\u00e7a\u201d , dia 17 de mar\u00e7o, pelas 17:00h, no Instituto Superior de Servi\u00e7o Social do Porto, Av. Dr. Manuel Teixeira Ruela, 370, Senhora da Hora, Matosinhos. + info aqui<\/p>\n","protected":false},"author":1,"featured_media":296,"comment_status":"closed","ping_status":"closed","sticky":false,"template":"","format":"standard","meta":[],"categories":[68],"tags":[],"_links":{"self":[{"href":"http:\/\/projeto.esepf.pt\/depsocial\/observatorio\/index.php?rest_route=\/wp\/v2\/posts\/404"}],"collection":[{"href":"http:\/\/projeto.esepf.pt\/depsocial\/observatorio\/index.php?rest_route=\/wp\/v2\/posts"}],"about":[{"href":"http:\/\/projeto.esepf.pt\/depsocial\/observatorio\/index.php?rest_route=\/wp\/v2\/types\/post"}],"author":[{"embeddable":true,"href":"http:\/\/projeto.esepf.pt\/depsocial\/observatorio\/index.php?rest_route=\/wp\/v2\/users\/1"}],"replies":[{"embeddable":true,"href":"http:\/\/projeto.esepf.pt\/depsocial\/observatorio\/index.php?rest_route=%2Fwp%2Fv2%2Fcomments&post=404"}],"version-history":[{"count":1,"href":"http:\/\/projeto.esepf.pt\/depsocial\/observatorio\/index.php?rest_route=\/wp\/v2\/posts\/404\/revisions"}],"predecessor-version":[{"id":405,"href":"http:\/\/projeto.esepf.pt\/depsocial\/observatorio\/index.php?rest_route=\/wp\/v2\/posts\/404\/revisions\/405"}],"wp:featuredmedia":[{"embeddable":true,"href":"http:\/\/projeto.esepf.pt\/depsocial\/observatorio\/index.php?rest_route=\/wp\/v2\/media\/296"}],"wp:attachment":[{"href":"http:\/\/projeto.esepf.pt\/depsocial\/observatorio\/index.php?rest_route=%2Fwp%2Fv2%2Fmedia&parent=404"}],"wp:term":[{"taxonomy":"category","embeddable":true,"href":"http:\/\/projeto.esepf.pt\/depsocial\/observatorio\/index.php?rest_route=%2Fwp%2Fv2%2Fcategories&post=404"},{"taxonomy":"post_tag","embeddable":true,"href":"http:\/\/projeto.esepf.pt\/depsocial\/observatorio\/index.php?rest_route=%2Fwp%2Fv2%2Ftags&post=404"}],"curies":[{"name":"wp","href":"https:\/\/api.w.org\/{rel}","templated":true}]}}