{"id":412,"date":"2017-04-20T09:28:45","date_gmt":"2017-04-20T09:28:45","guid":{"rendered":"http:\/\/obis.esepf.pt\/?p=412"},"modified":"2017-04-20T09:30:35","modified_gmt":"2017-04-20T09:30:35","slug":"seminario-internacional-mic","status":"publish","type":"post","link":"http:\/\/projeto.esepf.pt\/depsocial\/observatorio\/?p=412&lang=pt","title":{"rendered":"Semin\u00e1rio Internacional MIC"},"content":{"rendered":"<p>20 abril<br \/>\n17h00\/22h<\/p>\n<h3>Interven\u00e7\u00e3o Social: a perspetiva dos Pa\u00edses Baixos<\/h3>\n<ul>\n<li>\n<h3>Social Pedagogy work in Netherlands<\/h3>\n<\/li>\n<li>\n<h3>Intercultural communication<\/h3>\n<\/li>\n<\/ul>\n<p>Ang\u00e8le Geerts &amp; Joost van Iersel<\/p>\n<hr \/>\n<p>Parceria: Avans University of Applied Sciences, Breda, The Netherlands e Escola Superior de Educa\u00e7\u00e3o de Paula Frassinetti, Porto, Portugal<\/p>\n<p>(organiza\u00e7\u00e3o: Mestrado em Interven\u00e7\u00e3o Comunit\u00e1ria)<\/p>\n","protected":false},"excerpt":{"rendered":"<p>20 abril 17h00\/22h Interven\u00e7\u00e3o Social: a perspetiva dos Pa\u00edses Baixos Social Pedagogy work in Netherlands Intercultural communication Ang\u00e8le Geerts &amp; Joost van Iersel Parceria: Avans University of Applied Sciences, Breda, The Netherlands e Escola Superior de Educa\u00e7\u00e3o de Paula Frassinetti, Porto, Portugal (organiza\u00e7\u00e3o: Mestrado em Interven\u00e7\u00e3o Comunit\u00e1ria)<\/p>\n","protected":false},"author":1,"featured_media":294,"comment_status":"closed","ping_status":"closed","sticky":false,"template":"","format":"standard","meta":[],"categories":[50],"tags":[],"_links":{"self":[{"href":"http:\/\/projeto.esepf.pt\/depsocial\/observatorio\/index.php?rest_route=\/wp\/v2\/posts\/412"}],"collection":[{"href":"http:\/\/projeto.esepf.pt\/depsocial\/observatorio\/index.php?rest_route=\/wp\/v2\/posts"}],"about":[{"href":"http:\/\/projeto.esepf.pt\/depsocial\/observatorio\/index.php?rest_route=\/wp\/v2\/types\/post"}],"author":[{"embeddable":true,"href":"http:\/\/projeto.esepf.pt\/depsocial\/observatorio\/index.php?rest_route=\/wp\/v2\/users\/1"}],"replies":[{"embeddable":true,"href":"http:\/\/projeto.esepf.pt\/depsocial\/observatorio\/index.php?rest_route=%2Fwp%2Fv2%2Fcomments&post=412"}],"version-history":[{"count":8,"href":"http:\/\/projeto.esepf.pt\/depsocial\/observatorio\/index.php?rest_route=\/wp\/v2\/posts\/412\/revisions"}],"predecessor-version":[{"id":420,"href":"http:\/\/projeto.esepf.pt\/depsocial\/observatorio\/index.php?rest_route=\/wp\/v2\/posts\/412\/revisions\/420"}],"wp:featuredmedia":[{"embeddable":true,"href":"http:\/\/projeto.esepf.pt\/depsocial\/observatorio\/index.php?rest_route=\/wp\/v2\/media\/294"}],"wp:attachment":[{"href":"http:\/\/projeto.esepf.pt\/depsocial\/observatorio\/index.php?rest_route=%2Fwp%2Fv2%2Fmedia&parent=412"}],"wp:term":[{"taxonomy":"category","embeddable":true,"href":"http:\/\/projeto.esepf.pt\/depsocial\/observatorio\/index.php?rest_route=%2Fwp%2Fv2%2Fcategories&post=412"},{"taxonomy":"post_tag","embeddable":true,"href":"http:\/\/projeto.esepf.pt\/depsocial\/observatorio\/index.php?rest_route=%2Fwp%2Fv2%2Ftags&post=412"}],"curies":[{"name":"wp","href":"https:\/\/api.w.org\/{rel}","templated":true}]}}