{"id":433,"date":"2017-04-20T09:44:47","date_gmt":"2017-04-20T09:44:47","guid":{"rendered":"http:\/\/obis.esepf.pt\/?p=433"},"modified":"2017-04-20T09:44:47","modified_gmt":"2017-04-20T09:44:47","slug":"seminario-mic","status":"publish","type":"post","link":"http:\/\/projeto.esepf.pt\/depsocial\/observatorio\/?p=433&lang=pt","title":{"rendered":"Semin\u00e1rio MIC"},"content":{"rendered":"<p>09 junho<br \/>\n17h\/22h<\/p>\n<h3>Media\u00e7\u00e3o Intercultural e Interven\u00e7\u00e3o Comunit\u00e1ria<\/h3>\n<p>Ana Vieira, Jos\u00e9 Carlos Marques, Ricardo Vieira<\/p>\n<hr \/>\n<p>Parceria: Instituto Polit\u00e9cnico de Leiria\/Escola Superior de Educa\u00e7\u00e3o e Ci\u00eancias Sociais, Leiria e Escola Superior de Educa\u00e7\u00e3o de Paula Frassinetti, Porto<\/p>\n","protected":false},"excerpt":{"rendered":"<p>09 junho 17h\/22h Media\u00e7\u00e3o Intercultural e Interven\u00e7\u00e3o Comunit\u00e1ria Ana Vieira, Jos\u00e9 Carlos Marques, Ricardo Vieira Parceria: Instituto Polit\u00e9cnico de Leiria\/Escola Superior de Educa\u00e7\u00e3o e Ci\u00eancias Sociais, Leiria e Escola Superior de Educa\u00e7\u00e3o de Paula Frassinetti, Porto<\/p>\n","protected":false},"author":1,"featured_media":294,"comment_status":"closed","ping_status":"closed","sticky":false,"template":"","format":"standard","meta":[],"categories":[50],"tags":[],"_links":{"self":[{"href":"http:\/\/projeto.esepf.pt\/depsocial\/observatorio\/index.php?rest_route=\/wp\/v2\/posts\/433"}],"collection":[{"href":"http:\/\/projeto.esepf.pt\/depsocial\/observatorio\/index.php?rest_route=\/wp\/v2\/posts"}],"about":[{"href":"http:\/\/projeto.esepf.pt\/depsocial\/observatorio\/index.php?rest_route=\/wp\/v2\/types\/post"}],"author":[{"embeddable":true,"href":"http:\/\/projeto.esepf.pt\/depsocial\/observatorio\/index.php?rest_route=\/wp\/v2\/users\/1"}],"replies":[{"embeddable":true,"href":"http:\/\/projeto.esepf.pt\/depsocial\/observatorio\/index.php?rest_route=%2Fwp%2Fv2%2Fcomments&post=433"}],"version-history":[{"count":1,"href":"http:\/\/projeto.esepf.pt\/depsocial\/observatorio\/index.php?rest_route=\/wp\/v2\/posts\/433\/revisions"}],"predecessor-version":[{"id":434,"href":"http:\/\/projeto.esepf.pt\/depsocial\/observatorio\/index.php?rest_route=\/wp\/v2\/posts\/433\/revisions\/434"}],"wp:featuredmedia":[{"embeddable":true,"href":"http:\/\/projeto.esepf.pt\/depsocial\/observatorio\/index.php?rest_route=\/wp\/v2\/media\/294"}],"wp:attachment":[{"href":"http:\/\/projeto.esepf.pt\/depsocial\/observatorio\/index.php?rest_route=%2Fwp%2Fv2%2Fmedia&parent=433"}],"wp:term":[{"taxonomy":"category","embeddable":true,"href":"http:\/\/projeto.esepf.pt\/depsocial\/observatorio\/index.php?rest_route=%2Fwp%2Fv2%2Fcategories&post=433"},{"taxonomy":"post_tag","embeddable":true,"href":"http:\/\/projeto.esepf.pt\/depsocial\/observatorio\/index.php?rest_route=%2Fwp%2Fv2%2Ftags&post=433"}],"curies":[{"name":"wp","href":"https:\/\/api.w.org\/{rel}","templated":true}]}}