{"id":435,"date":"2017-04-20T09:46:29","date_gmt":"2017-04-20T09:46:29","guid":{"rendered":"http:\/\/obis.esepf.pt\/?p=435"},"modified":"2017-04-20T09:46:29","modified_gmt":"2017-04-20T09:46:29","slug":"seminario-internacional-mic-2","status":"publish","type":"post","link":"http:\/\/projeto.esepf.pt\/depsocial\/observatorio\/?p=435&lang=pt","title":{"rendered":"Semin\u00e1rio Internacional MIC"},"content":{"rendered":"<p>30 de junho e 1 de julho<\/p>\n<h3>Interven\u00e7\u00e3o Social: a perspetiva dos Pa\u00edses Baixos II<\/h3>\n<ul>\n<li>\n<h3>Polarization amongst juveniles;<\/h3>\n<\/li>\n<li>\n<h3>Elderly care and social work in the Netherlands<\/h3>\n<\/li>\n<\/ul>\n<p>Malou Liebregts, Feije Oosterhof, Mechtild Hoing<\/p>\n<hr \/>\n<p>Parceria: Avans University of Applied Sciences, Breda, The Netherlands e OBIS-DH, E.S.E. Paula Frassinetti, Portugal<\/p>\n","protected":false},"excerpt":{"rendered":"<p>30 de junho e 1 de julho Interven\u00e7\u00e3o Social: a perspetiva dos Pa\u00edses Baixos II Polarization amongst juveniles; Elderly care and social work in the Netherlands Malou Liebregts, Feije Oosterhof, Mechtild Hoing Parceria: Avans University of Applied Sciences, Breda, The Netherlands e OBIS-DH, E.S.E. Paula Frassinetti, Portugal<\/p>\n","protected":false},"author":1,"featured_media":294,"comment_status":"closed","ping_status":"closed","sticky":false,"template":"","format":"standard","meta":[],"categories":[50],"tags":[],"_links":{"self":[{"href":"http:\/\/projeto.esepf.pt\/depsocial\/observatorio\/index.php?rest_route=\/wp\/v2\/posts\/435"}],"collection":[{"href":"http:\/\/projeto.esepf.pt\/depsocial\/observatorio\/index.php?rest_route=\/wp\/v2\/posts"}],"about":[{"href":"http:\/\/projeto.esepf.pt\/depsocial\/observatorio\/index.php?rest_route=\/wp\/v2\/types\/post"}],"author":[{"embeddable":true,"href":"http:\/\/projeto.esepf.pt\/depsocial\/observatorio\/index.php?rest_route=\/wp\/v2\/users\/1"}],"replies":[{"embeddable":true,"href":"http:\/\/projeto.esepf.pt\/depsocial\/observatorio\/index.php?rest_route=%2Fwp%2Fv2%2Fcomments&post=435"}],"version-history":[{"count":1,"href":"http:\/\/projeto.esepf.pt\/depsocial\/observatorio\/index.php?rest_route=\/wp\/v2\/posts\/435\/revisions"}],"predecessor-version":[{"id":436,"href":"http:\/\/projeto.esepf.pt\/depsocial\/observatorio\/index.php?rest_route=\/wp\/v2\/posts\/435\/revisions\/436"}],"wp:featuredmedia":[{"embeddable":true,"href":"http:\/\/projeto.esepf.pt\/depsocial\/observatorio\/index.php?rest_route=\/wp\/v2\/media\/294"}],"wp:attachment":[{"href":"http:\/\/projeto.esepf.pt\/depsocial\/observatorio\/index.php?rest_route=%2Fwp%2Fv2%2Fmedia&parent=435"}],"wp:term":[{"taxonomy":"category","embeddable":true,"href":"http:\/\/projeto.esepf.pt\/depsocial\/observatorio\/index.php?rest_route=%2Fwp%2Fv2%2Fcategories&post=435"},{"taxonomy":"post_tag","embeddable":true,"href":"http:\/\/projeto.esepf.pt\/depsocial\/observatorio\/index.php?rest_route=%2Fwp%2Fv2%2Ftags&post=435"}],"curies":[{"name":"wp","href":"https:\/\/api.w.org\/{rel}","templated":true}]}}