{"id":451,"date":"2017-06-05T09:20:49","date_gmt":"2017-06-05T09:20:49","guid":{"rendered":"http:\/\/obis.esepf.pt\/?p=451"},"modified":"2022-04-22T13:50:32","modified_gmt":"2022-04-22T13:50:32","slug":"2o-encontro-sobre-autonomizacao-de-jovens","status":"publish","type":"post","link":"http:\/\/projeto.esepf.pt\/depsocial\/observatorio\/?p=451&lang=pt","title":{"rendered":"2\u00ba Encontro sobre Autonomiza\u00e7\u00e3o de Jovens"},"content":{"rendered":"<p>A ASAS organizou o 2\u00ba Encontro sobre Autonomiza\u00e7\u00e3o de Jovens em Lisboa, no passado dia 31 de maio, no Centro Cultural Casapiano, em Lisboa<br \/>\nNo \u00e2mbito do trabalho que tem vindo a conduzir, em parceria com O OBIS-DH da ESEPF e o departamento de forma\u00e7\u00e3o em Educa\u00e7\u00e3o Social, sobre projetos e percursos de autonomiza\u00e7\u00e3o de jovens, nomeadamente no \u201cF\u00f3rum Nacional de Constru\u00e7\u00e3o de Autonomias\u201d, foi poss\u00edvel cruzar perspetivas na primeira pessoa. Foi poss\u00edvel ouvir as sugest\u00f5es dos jovens que, pela sua relev\u00e2ncia foram, pelos t\u00e9cnicos presentes, muito bem acolhidas. E os jovens aprenderam certamente uns com os outros.<br \/>\nCom o desafio de replicar a experi\u00eancia, muito diferente do formato habitual, agora em Coimbra.<\/p>\n<p><a href=\"https:\/\/www.facebook.com\/ASAS.ASSOCIACAO.SOLIDARIEDADE.ACAO.SOCIAL\/posts\/1427524870668009\" target=\"_blank\" rel=\"noopener\">Fotos do Evento<\/a><\/p>\n","protected":false},"excerpt":{"rendered":"<p>A ASAS organizou o 2\u00ba Encontro sobre Autonomiza\u00e7\u00e3o de Jovens em Lisboa, no passado dia 31 de maio, no Centro Cultural Casapiano, em Lisboa No \u00e2mbito do trabalho que tem vindo a conduzir, em parceria com O OBIS-DH da ESEPF e o departamento de forma\u00e7\u00e3o em Educa\u00e7\u00e3o Social, sobre projetos e percursos de autonomiza\u00e7\u00e3o de<a href=\"http:\/\/projeto.esepf.pt\/depsocial\/observatorio\/?p=451&#038;lang=pt\">[&#8230;]<\/a><\/p>\n","protected":false},"author":1,"featured_media":294,"comment_status":"closed","ping_status":"closed","sticky":false,"template":"","format":"standard","meta":[],"categories":[50],"tags":[],"_links":{"self":[{"href":"http:\/\/projeto.esepf.pt\/depsocial\/observatorio\/index.php?rest_route=\/wp\/v2\/posts\/451"}],"collection":[{"href":"http:\/\/projeto.esepf.pt\/depsocial\/observatorio\/index.php?rest_route=\/wp\/v2\/posts"}],"about":[{"href":"http:\/\/projeto.esepf.pt\/depsocial\/observatorio\/index.php?rest_route=\/wp\/v2\/types\/post"}],"author":[{"embeddable":true,"href":"http:\/\/projeto.esepf.pt\/depsocial\/observatorio\/index.php?rest_route=\/wp\/v2\/users\/1"}],"replies":[{"embeddable":true,"href":"http:\/\/projeto.esepf.pt\/depsocial\/observatorio\/index.php?rest_route=%2Fwp%2Fv2%2Fcomments&post=451"}],"version-history":[{"count":3,"href":"http:\/\/projeto.esepf.pt\/depsocial\/observatorio\/index.php?rest_route=\/wp\/v2\/posts\/451\/revisions"}],"predecessor-version":[{"id":523,"href":"http:\/\/projeto.esepf.pt\/depsocial\/observatorio\/index.php?rest_route=\/wp\/v2\/posts\/451\/revisions\/523"}],"wp:featuredmedia":[{"embeddable":true,"href":"http:\/\/projeto.esepf.pt\/depsocial\/observatorio\/index.php?rest_route=\/wp\/v2\/media\/294"}],"wp:attachment":[{"href":"http:\/\/projeto.esepf.pt\/depsocial\/observatorio\/index.php?rest_route=%2Fwp%2Fv2%2Fmedia&parent=451"}],"wp:term":[{"taxonomy":"category","embeddable":true,"href":"http:\/\/projeto.esepf.pt\/depsocial\/observatorio\/index.php?rest_route=%2Fwp%2Fv2%2Fcategories&post=451"},{"taxonomy":"post_tag","embeddable":true,"href":"http:\/\/projeto.esepf.pt\/depsocial\/observatorio\/index.php?rest_route=%2Fwp%2Fv2%2Ftags&post=451"}],"curies":[{"name":"wp","href":"https:\/\/api.w.org\/{rel}","templated":true}]}}