{"id":461,"date":"2019-04-17T16:10:03","date_gmt":"2019-04-17T16:10:03","guid":{"rendered":"http:\/\/obis.esepf.pt\/?p=461"},"modified":"2019-04-17T16:30:05","modified_gmt":"2019-04-17T16:30:05","slug":"ciclo-de-cinema-e-debates-sobre-o-direito-das-criancas","status":"publish","type":"post","link":"http:\/\/projeto.esepf.pt\/depsocial\/observatorio\/?p=461&lang=pt","title":{"rendered":"Ciclo de cinema e debates sobre o Direito das Crian\u00e7as"},"content":{"rendered":"<p style=\"text-align: center;\"><strong>60 anos da Declara\u00e7\u00e3o | 30 anos da Conven\u00e7\u00e3o dos Direitos das Crian\u00e7as<\/strong><\/p>\n<p style=\"text-align: center;\">Faculdade de Letras da Universidade do Porto<\/p>\n<p style=\"text-align: left;\">[Anfiteatro Nobre]<\/p>\n<p style=\"text-align: left;\">[2\u00aa Sess\u00e3o &#8211; Direito \u00e0 participa\u00e7\u00e3o]<\/p>\n<p style=\"text-align: left;\">24 de Abril. Quarta-feira<\/p>\n<p style=\"text-align: left;\">Proje\u00e7\u00e3o do filme &#8220;<strong>Please vote for me<\/strong>&#8220;<\/p>\n<p style=\"text-align: left;\">[Debate]<\/p>\n<p style=\"text-align: left;\">Nat\u00e1lia Fernandes (UM)<\/p>\n<p style=\"text-align: left;\">Gabriela Trevisan (ESEPF\/UM)<\/p>\n<p style=\"text-align: left;\">[Moderadora]<\/p>\n<p style=\"text-align: left;\">In\u00eas Barbosa<\/p>\n<p style=\"text-align: left;\">\n<p><strong>Mais informa\u00e7\u00e3o <a href=\"https:\/\/www.facebook.com\/NasPorto\/\">aqui<\/a><\/strong><\/p>\n<p><a href=\"http:\/\/obis.esepf.pt\/wp-content\/uploads\/2019\/04\/ciclo-cinema.jpg\"><img loading=\"lazy\" class=\"  wp-image-462 aligncenter\" src=\"http:\/\/obis.esepf.pt\/wp-content\/uploads\/2019\/04\/ciclo-cinema-212x300.jpg\" alt=\"ciclo cinema\" width=\"260\" height=\"369\" srcset=\"http:\/\/projeto.esepf.pt\/depsocial\/observatorio\/wp-content\/uploads\/2019\/04\/ciclo-cinema-212x300.jpg 212w, http:\/\/projeto.esepf.pt\/depsocial\/observatorio\/wp-content\/uploads\/2019\/04\/ciclo-cinema.jpg 679w\" sizes=\"(max-width: 260px) 100vw, 260px\" \/><\/a><\/p>\n<p>&nbsp;<\/p>\n","protected":false},"excerpt":{"rendered":"<p>60 anos da Declara\u00e7\u00e3o | 30 anos da Conven\u00e7\u00e3o dos Direitos das Crian\u00e7as Faculdade de Letras da Universidade do Porto [Anfiteatro Nobre] [2\u00aa Sess\u00e3o &#8211; Direito \u00e0 participa\u00e7\u00e3o] 24 de Abril. Quarta-feira Proje\u00e7\u00e3o do filme &#8220;Please vote for me&#8220; [Debate] Nat\u00e1lia Fernandes (UM) Gabriela Trevisan (ESEPF\/UM) [Moderadora] In\u00eas Barbosa Mais informa\u00e7\u00e3o aqui &nbsp;<\/p>\n","protected":false},"author":2,"featured_media":462,"comment_status":"closed","ping_status":"closed","sticky":false,"template":"","format":"standard","meta":[],"categories":[68],"tags":[],"_links":{"self":[{"href":"http:\/\/projeto.esepf.pt\/depsocial\/observatorio\/index.php?rest_route=\/wp\/v2\/posts\/461"}],"collection":[{"href":"http:\/\/projeto.esepf.pt\/depsocial\/observatorio\/index.php?rest_route=\/wp\/v2\/posts"}],"about":[{"href":"http:\/\/projeto.esepf.pt\/depsocial\/observatorio\/index.php?rest_route=\/wp\/v2\/types\/post"}],"author":[{"embeddable":true,"href":"http:\/\/projeto.esepf.pt\/depsocial\/observatorio\/index.php?rest_route=\/wp\/v2\/users\/2"}],"replies":[{"embeddable":true,"href":"http:\/\/projeto.esepf.pt\/depsocial\/observatorio\/index.php?rest_route=%2Fwp%2Fv2%2Fcomments&post=461"}],"version-history":[{"count":3,"href":"http:\/\/projeto.esepf.pt\/depsocial\/observatorio\/index.php?rest_route=\/wp\/v2\/posts\/461\/revisions"}],"predecessor-version":[{"id":465,"href":"http:\/\/projeto.esepf.pt\/depsocial\/observatorio\/index.php?rest_route=\/wp\/v2\/posts\/461\/revisions\/465"}],"wp:featuredmedia":[{"embeddable":true,"href":"http:\/\/projeto.esepf.pt\/depsocial\/observatorio\/index.php?rest_route=\/wp\/v2\/media\/462"}],"wp:attachment":[{"href":"http:\/\/projeto.esepf.pt\/depsocial\/observatorio\/index.php?rest_route=%2Fwp%2Fv2%2Fmedia&parent=461"}],"wp:term":[{"taxonomy":"category","embeddable":true,"href":"http:\/\/projeto.esepf.pt\/depsocial\/observatorio\/index.php?rest_route=%2Fwp%2Fv2%2Fcategories&post=461"},{"taxonomy":"post_tag","embeddable":true,"href":"http:\/\/projeto.esepf.pt\/depsocial\/observatorio\/index.php?rest_route=%2Fwp%2Fv2%2Ftags&post=461"}],"curies":[{"name":"wp","href":"https:\/\/api.w.org\/{rel}","templated":true}]}}