{"id":478,"date":"2021-03-01T12:16:49","date_gmt":"2021-03-01T12:16:49","guid":{"rendered":"http:\/\/obis.esepf.pt\/?p=478"},"modified":"2022-03-24T09:57:08","modified_gmt":"2022-03-24T09:57:08","slug":"elisse-e-learning-for-intercultural-skills-in-social-education","status":"publish","type":"post","link":"http:\/\/projeto.esepf.pt\/depsocial\/observatorio\/?p=478&lang=pt","title":{"rendered":"Elisse: e-learning for intercultural skills in social education"},"content":{"rendered":"<p>ELISSE \u00e9 um Projeto Eramus+ internacional de investiga\u00e7\u00e3o-a\u00e7\u00e3o que congrega cerca de dez parceiros em 4 continentes e tem por objetivo central desenvolver compet\u00eancias interculturais baseadas nas novas tecnologias para estudantes do trabalho\/educa\u00e7\u00e3o social.<\/p>\n<p><a href=\"https:\/\/www.esepf.pt\/wp-content\/uploads\/2020\/12\/Presentation-projet-ELISSE-ENG.pdf\" target=\"_blank\" rel=\"noreferrer noopener\" data-rich-text-format-boundary=\"true\">Apresenta\u00e7\u00e3o final &#8211; 23 nov. 2020<\/a><\/p>\n<figure class=\"wp-block-image size-large\"><img loading=\"lazy\" class=\"wp-image-8508 ls-is-cached lazyloaded\" src=\"https:\/\/www.esepf.pt\/wp-content\/uploads\/2020\/11\/word1.png\" alt=\"\" width=\"300\" height=\"150\" data-src=\"https:\/\/www.esepf.pt\/wp-content\/uploads\/2020\/11\/word1.png\"><\/figure>\n<p><a class=\"\" href=\"http:\/\/elisse.itsra.net\/\">ELISSE (itsra.net)<\/a><\/p>\n<p>In a general context where in Europe the issue of migration and social support for migrants is the subject of considerable tension, this project aims to create a training intended primarily for social work students who will be involved in a multicultural environment after graduation. Based on the results of exploratory work conducted for a year before the launch of the initiative, the ELISSE project will rely on two basic principles of action and particularly innovative for the social training sector:<\/p>\n<ol>\n<li>internship experience made in so-called \u201csouthern\u201d in which European students will be paired with students from the host country and students from other countries called \u201cNorth\u201d;<\/li>\n<li>training modules provided in part remotely through the use of e-learning tools.<\/li>\n<\/ol>\n<p>Parceiros: Ecole Nationale des travailleurs Sociaux Sp\u00e9cialis\u00e9s; C\u00e9gep R\u00e9gional de Lanaudi\u00e8re (Canada); IPU \u2013 Campus di Scienze Psicopedagogiche e Sociali (Italy); Institut National de Formation Sociale (Ivory Coast); C\u00e9gep Marie-Victorin (Canada); Haute \u00c9cole Bruxelles-Brabant (Belgium); Avans Hogeschool (Netherlands); Institut de Travail Social de la R\u00e9gion Auvergne (France); ENTSS (Senegal).<\/p>\n<p>Dura\u00e7\u00e3o: set. 2017\u2013set. 2019<br \/>\nInvestigador respons\u00e1vel na ESEPF: Gabriela Trevisan<br \/>\nEquipa de Investiga\u00e7\u00e3o: Florbela Samagaio, Miguel Prata, Rui Ramalho<\/p>\n","protected":false},"excerpt":{"rendered":"<p>ELISSE \u00e9 um Projeto Eramus+ internacional de investiga\u00e7\u00e3o-a\u00e7\u00e3o que congrega cerca de dez parceiros em 4 continentes e tem por objetivo central desenvolver compet\u00eancias interculturais baseadas nas novas tecnologias para estudantes do trabalho\/educa\u00e7\u00e3o social. Apresenta\u00e7\u00e3o final &#8211; 23 nov. 2020 ELISSE (itsra.net) In a general context where in Europe the issue of migration and social<a href=\"http:\/\/projeto.esepf.pt\/depsocial\/observatorio\/?p=478&#038;lang=pt\">[&#8230;]<\/a><\/p>\n","protected":false},"author":2,"featured_media":293,"comment_status":"closed","ping_status":"closed","sticky":false,"template":"","format":"standard","meta":[],"categories":[9,68],"tags":[],"_links":{"self":[{"href":"http:\/\/projeto.esepf.pt\/depsocial\/observatorio\/index.php?rest_route=\/wp\/v2\/posts\/478"}],"collection":[{"href":"http:\/\/projeto.esepf.pt\/depsocial\/observatorio\/index.php?rest_route=\/wp\/v2\/posts"}],"about":[{"href":"http:\/\/projeto.esepf.pt\/depsocial\/observatorio\/index.php?rest_route=\/wp\/v2\/types\/post"}],"author":[{"embeddable":true,"href":"http:\/\/projeto.esepf.pt\/depsocial\/observatorio\/index.php?rest_route=\/wp\/v2\/users\/2"}],"replies":[{"embeddable":true,"href":"http:\/\/projeto.esepf.pt\/depsocial\/observatorio\/index.php?rest_route=%2Fwp%2Fv2%2Fcomments&post=478"}],"version-history":[{"count":3,"href":"http:\/\/projeto.esepf.pt\/depsocial\/observatorio\/index.php?rest_route=\/wp\/v2\/posts\/478\/revisions"}],"predecessor-version":[{"id":511,"href":"http:\/\/projeto.esepf.pt\/depsocial\/observatorio\/index.php?rest_route=\/wp\/v2\/posts\/478\/revisions\/511"}],"wp:featuredmedia":[{"embeddable":true,"href":"http:\/\/projeto.esepf.pt\/depsocial\/observatorio\/index.php?rest_route=\/wp\/v2\/media\/293"}],"wp:attachment":[{"href":"http:\/\/projeto.esepf.pt\/depsocial\/observatorio\/index.php?rest_route=%2Fwp%2Fv2%2Fmedia&parent=478"}],"wp:term":[{"taxonomy":"category","embeddable":true,"href":"http:\/\/projeto.esepf.pt\/depsocial\/observatorio\/index.php?rest_route=%2Fwp%2Fv2%2Fcategories&post=478"},{"taxonomy":"post_tag","embeddable":true,"href":"http:\/\/projeto.esepf.pt\/depsocial\/observatorio\/index.php?rest_route=%2Fwp%2Fv2%2Ftags&post=478"}],"curies":[{"name":"wp","href":"https:\/\/api.w.org\/{rel}","templated":true}]}}