{"id":489,"date":"2021-04-12T10:22:32","date_gmt":"2021-04-12T10:22:32","guid":{"rendered":"http:\/\/projeto.esepf.pt\/depsocial\/observatorio\/?p=489"},"modified":"2021-04-12T10:23:34","modified_gmt":"2021-04-12T10:23:34","slug":"webinar-ciganos-portugueses-cidadania-e-educacao","status":"publish","type":"post","link":"http:\/\/projeto.esepf.pt\/depsocial\/observatorio\/?p=489&lang=pt","title":{"rendered":"Webinar Ciganos Portugueses, Cidadania e Educa\u00e7\u00e3o"},"content":{"rendered":"\n<p>O Webinar Ciganos Portugueses, Cidadania e Educa\u00e7\u00e3o ir\u00e1 decorrer nos dias 12 e 13 de Abril de 2021 em formato online.<\/p>\n\n\n\n<p>Este evento encontra-se a ser organizado com o apoio da equipa do Projeto \u201cEduCig \u2013 Desempenhos escolares entre os Ciganos: investiga\u00e7\u00e3o-a\u00e7\u00e3o e projeto de co-design\u201d do Centro de Investiga\u00e7\u00e3o e Estudos de Sociologia (CIES) do Instituto Universit\u00e1rio de Lisboa (ISCTE) em parceria com o Instituto de Sociologia da Faculdade de Letras do Porto, Escola Superior de Educa\u00e7\u00e3o de Paula Frassinetti e com o apoio da APS (Associa\u00e7\u00e3o Portuguesa de Sociologia).<\/p>\n\n\n\n<p>Caso disponha de alguma d\u00favida, contacte-nos por email para:&nbsp;<a href=\"mailto:educig.cies@iscte-iul.pt\">educig.cies@iscte-iul.pt<\/a><\/p>\n\n\n\n<div class=\"wp-block-buttons\">\n<div class=\"wp-block-button\"><a class=\"wp-block-button__link\" href=\"http:\/\/projeto.esepf.pt\/depsocial\/observatorio\/wp-content\/uploads\/2021\/04\/12_13abril2021_ciganosportugueses.pdf\" target=\"_blank\" rel=\"noreferrer noopener\">Ver programa<\/a><\/div>\n\n\n\n<div class=\"wp-block-button\"><a class=\"wp-block-button__link\" href=\"https:\/\/docs.google.com\/forms\/d\/e\/1FAIpQLSeXJmnrOw0C1mvyd39tYh-kzp3tqui5dWq3q7LncPhnsYrsJQ\/viewform\" target=\"_blank\" rel=\"noreferrer noopener\">Inscri\u00e7\u00f5es<\/a><\/div>\n<\/div>\n","protected":false},"excerpt":{"rendered":"<p>O Webinar Ciganos Portugueses, Cidadania e Educa\u00e7\u00e3o ir\u00e1 decorrer nos dias 12 e 13 de Abril de 2021 em formato online. Este evento encontra-se a ser organizado com o apoio da equipa do Projeto \u201cEduCig \u2013 Desempenhos escolares entre os Ciganos: investiga\u00e7\u00e3o-a\u00e7\u00e3o e projeto de co-design\u201d do Centro de Investiga\u00e7\u00e3o e Estudos de Sociologia (CIES)<a href=\"http:\/\/projeto.esepf.pt\/depsocial\/observatorio\/?p=489&#038;lang=pt\">[&#8230;]<\/a><\/p>\n","protected":false},"author":2,"featured_media":294,"comment_status":"closed","ping_status":"closed","sticky":false,"template":"","format":"standard","meta":[],"categories":[50,68],"tags":[],"_links":{"self":[{"href":"http:\/\/projeto.esepf.pt\/depsocial\/observatorio\/index.php?rest_route=\/wp\/v2\/posts\/489"}],"collection":[{"href":"http:\/\/projeto.esepf.pt\/depsocial\/observatorio\/index.php?rest_route=\/wp\/v2\/posts"}],"about":[{"href":"http:\/\/projeto.esepf.pt\/depsocial\/observatorio\/index.php?rest_route=\/wp\/v2\/types\/post"}],"author":[{"embeddable":true,"href":"http:\/\/projeto.esepf.pt\/depsocial\/observatorio\/index.php?rest_route=\/wp\/v2\/users\/2"}],"replies":[{"embeddable":true,"href":"http:\/\/projeto.esepf.pt\/depsocial\/observatorio\/index.php?rest_route=%2Fwp%2Fv2%2Fcomments&post=489"}],"version-history":[{"count":2,"href":"http:\/\/projeto.esepf.pt\/depsocial\/observatorio\/index.php?rest_route=\/wp\/v2\/posts\/489\/revisions"}],"predecessor-version":[{"id":492,"href":"http:\/\/projeto.esepf.pt\/depsocial\/observatorio\/index.php?rest_route=\/wp\/v2\/posts\/489\/revisions\/492"}],"wp:featuredmedia":[{"embeddable":true,"href":"http:\/\/projeto.esepf.pt\/depsocial\/observatorio\/index.php?rest_route=\/wp\/v2\/media\/294"}],"wp:attachment":[{"href":"http:\/\/projeto.esepf.pt\/depsocial\/observatorio\/index.php?rest_route=%2Fwp%2Fv2%2Fmedia&parent=489"}],"wp:term":[{"taxonomy":"category","embeddable":true,"href":"http:\/\/projeto.esepf.pt\/depsocial\/observatorio\/index.php?rest_route=%2Fwp%2Fv2%2Fcategories&post=489"},{"taxonomy":"post_tag","embeddable":true,"href":"http:\/\/projeto.esepf.pt\/depsocial\/observatorio\/index.php?rest_route=%2Fwp%2Fv2%2Ftags&post=489"}],"curies":[{"name":"wp","href":"https:\/\/api.w.org\/{rel}","templated":true}]}}