{"id":494,"date":"2022-03-22T10:00:48","date_gmt":"2022-03-22T10:00:48","guid":{"rendered":"http:\/\/projeto.esepf.pt\/depsocial\/observatorio\/?p=494"},"modified":"2022-03-22T10:01:04","modified_gmt":"2022-03-22T10:01:04","slug":"curso-b-learning-promocao-da-participacao-politica-e-civica-das-mulheres-2-a-edicao-2022","status":"publish","type":"post","link":"http:\/\/projeto.esepf.pt\/depsocial\/observatorio\/?p=494&lang=pt","title":{"rendered":"Curso b-learning: \u00abPromo\u00e7\u00e3o da participa\u00e7\u00e3o pol\u00edtica e c\u00edvica das mulheres\u00bb (2.\u00aa edi\u00e7\u00e3o, 2022)"},"content":{"rendered":"\n<p><strong><a href=\"https:\/\/www.esepf.pt\/wp-content\/uploads\/Not%C3%ADcias\/PARTICIPO_2022.pdf\" target=\"_blank\" rel=\"noreferrer noopener\">Veja todas as informa\u00e7\u00f5es aqui.<\/a><\/strong><\/p>\n\n\n\n<p><strong>DESTINAT\u00c1RIAS<\/strong>:<br>Maioritariamente mulheres, com escolaridade m\u00ednima obrigat\u00f3ria (12.\u00ba ano), com motiva\u00e7\u00e3o e interesse em adquirir conhecimentos e compet\u00eancias para a interven\u00e7\u00e3o pol\u00edtica e c\u00edvica. Dar-se-\u00e1 prioridade a mulheres provenientes do territ\u00f3rio situado na Uni\u00e3o de Freguesias Foz, Aldoar e Nevogilde sem, no entanto, excluir outras candidaturas.<\/p>\n\n\n\n<p><strong>COMPET\u00caNCIAS A PROMOVER:<\/strong><br>As sess\u00f5es presenciais t\u00eam por objetivo capacitar para o desenvolvimento de compet\u00eancias transversais de interven\u00e7\u00e3o como s\u00e3o o autoconhecimento, a autoconfian\u00e7a, a comunica\u00e7\u00e3o em p\u00fablico e a capacidade de dar sentido ao compromisso pol\u00edtico e c\u00edvico.<br>As sess\u00f5es a dist\u00e2ncia (online), a frequentar na modalidade s\u00edncrona e ass\u00edncrona, t\u00eam por objetivo proporcionar a aquisi\u00e7\u00e3o dos principais conceitos e conhecimentos tendo em vista a interven\u00e7\u00e3o pol\u00edticas e c\u00edvica das mulheres.<\/p>\n\n\n\n<p><strong>CERTIFICA\u00c7\u00c3O:<\/strong><br>A conclus\u00e3o do Curso ser\u00e1 certificada atrav\u00e9s de Declara\u00e7\u00e3o de Conclus\u00e3o do Curso emitida pela Escola Superior de Educa\u00e7\u00e3o de Paula Frassinetti. Para a obten\u00e7\u00e3o da Declara\u00e7\u00e3o, a\/o formanda\/o necessita de registar, cumulativamente: (i) 75% de assiduidade \u00e0s aulas presenciais e online s\u00edncronas e (ii) ter realizado, pelo menos, 75% do n\u00famero total de tarefas solicitadas na modalidade ass\u00edncrona.<\/p>\n","protected":false},"excerpt":{"rendered":"<p>Veja todas as informa\u00e7\u00f5es aqui. DESTINAT\u00c1RIAS:Maioritariamente mulheres, com escolaridade m\u00ednima obrigat\u00f3ria (12.\u00ba ano), com motiva\u00e7\u00e3o e interesse em adquirir conhecimentos e compet\u00eancias para a interven\u00e7\u00e3o pol\u00edtica e c\u00edvica. Dar-se-\u00e1 prioridade a mulheres provenientes do territ\u00f3rio situado na Uni\u00e3o de Freguesias Foz, Aldoar e Nevogilde sem, no entanto, excluir outras candidaturas. COMPET\u00caNCIAS A PROMOVER:As sess\u00f5es presenciais<a href=\"http:\/\/projeto.esepf.pt\/depsocial\/observatorio\/?p=494&#038;lang=pt\">[&#8230;]<\/a><\/p>\n","protected":false},"author":2,"featured_media":495,"comment_status":"closed","ping_status":"closed","sticky":false,"template":"","format":"standard","meta":[],"categories":[8,68],"tags":[],"_links":{"self":[{"href":"http:\/\/projeto.esepf.pt\/depsocial\/observatorio\/index.php?rest_route=\/wp\/v2\/posts\/494"}],"collection":[{"href":"http:\/\/projeto.esepf.pt\/depsocial\/observatorio\/index.php?rest_route=\/wp\/v2\/posts"}],"about":[{"href":"http:\/\/projeto.esepf.pt\/depsocial\/observatorio\/index.php?rest_route=\/wp\/v2\/types\/post"}],"author":[{"embeddable":true,"href":"http:\/\/projeto.esepf.pt\/depsocial\/observatorio\/index.php?rest_route=\/wp\/v2\/users\/2"}],"replies":[{"embeddable":true,"href":"http:\/\/projeto.esepf.pt\/depsocial\/observatorio\/index.php?rest_route=%2Fwp%2Fv2%2Fcomments&post=494"}],"version-history":[{"count":1,"href":"http:\/\/projeto.esepf.pt\/depsocial\/observatorio\/index.php?rest_route=\/wp\/v2\/posts\/494\/revisions"}],"predecessor-version":[{"id":496,"href":"http:\/\/projeto.esepf.pt\/depsocial\/observatorio\/index.php?rest_route=\/wp\/v2\/posts\/494\/revisions\/496"}],"wp:featuredmedia":[{"embeddable":true,"href":"http:\/\/projeto.esepf.pt\/depsocial\/observatorio\/index.php?rest_route=\/wp\/v2\/media\/495"}],"wp:attachment":[{"href":"http:\/\/projeto.esepf.pt\/depsocial\/observatorio\/index.php?rest_route=%2Fwp%2Fv2%2Fmedia&parent=494"}],"wp:term":[{"taxonomy":"category","embeddable":true,"href":"http:\/\/projeto.esepf.pt\/depsocial\/observatorio\/index.php?rest_route=%2Fwp%2Fv2%2Fcategories&post=494"},{"taxonomy":"post_tag","embeddable":true,"href":"http:\/\/projeto.esepf.pt\/depsocial\/observatorio\/index.php?rest_route=%2Fwp%2Fv2%2Ftags&post=494"}],"curies":[{"name":"wp","href":"https:\/\/api.w.org\/{rel}","templated":true}]}}