{"id":497,"date":"2022-03-22T10:07:55","date_gmt":"2022-03-22T10:07:55","guid":{"rendered":"http:\/\/projeto.esepf.pt\/depsocial\/observatorio\/?p=497"},"modified":"2022-03-24T09:46:05","modified_gmt":"2022-03-24T09:46:05","slug":"esepf-e-parceira-da-9-a-conferencia-internacional-de-mediacao-intercultural-e-intervencao-social-26-e-27-nov-2021","status":"publish","type":"post","link":"http:\/\/projeto.esepf.pt\/depsocial\/observatorio\/?p=497&lang=pt","title":{"rendered":"ESEPF \u00e9 parceira da 9.\u00aa Confer\u00eancia Internacional de Media\u00e7\u00e3o Intercultural e Interven\u00e7\u00e3o Social, 26 e 27 nov 2021"},"content":{"rendered":"\n<p><a href=\"https:\/\/conferencia-miis.eventqualia.net\/pt\/2021\/inicio\/organizacao\/entidades\/\" target=\"_blank\" rel=\"noreferrer noopener\">Mais informa\u00e7\u00f5es aqui.<\/a><\/p>\n","protected":false},"excerpt":{"rendered":"<p>Mais informa\u00e7\u00f5es aqui.<\/p>\n","protected":false},"author":2,"featured_media":294,"comment_status":"closed","ping_status":"closed","sticky":false,"template":"","format":"standard","meta":[],"categories":[50,68],"tags":[],"_links":{"self":[{"href":"http:\/\/projeto.esepf.pt\/depsocial\/observatorio\/index.php?rest_route=\/wp\/v2\/posts\/497"}],"collection":[{"href":"http:\/\/projeto.esepf.pt\/depsocial\/observatorio\/index.php?rest_route=\/wp\/v2\/posts"}],"about":[{"href":"http:\/\/projeto.esepf.pt\/depsocial\/observatorio\/index.php?rest_route=\/wp\/v2\/types\/post"}],"author":[{"embeddable":true,"href":"http:\/\/projeto.esepf.pt\/depsocial\/observatorio\/index.php?rest_route=\/wp\/v2\/users\/2"}],"replies":[{"embeddable":true,"href":"http:\/\/projeto.esepf.pt\/depsocial\/observatorio\/index.php?rest_route=%2Fwp%2Fv2%2Fcomments&post=497"}],"version-history":[{"count":1,"href":"http:\/\/projeto.esepf.pt\/depsocial\/observatorio\/index.php?rest_route=\/wp\/v2\/posts\/497\/revisions"}],"predecessor-version":[{"id":498,"href":"http:\/\/projeto.esepf.pt\/depsocial\/observatorio\/index.php?rest_route=\/wp\/v2\/posts\/497\/revisions\/498"}],"wp:featuredmedia":[{"embeddable":true,"href":"http:\/\/projeto.esepf.pt\/depsocial\/observatorio\/index.php?rest_route=\/wp\/v2\/media\/294"}],"wp:attachment":[{"href":"http:\/\/projeto.esepf.pt\/depsocial\/observatorio\/index.php?rest_route=%2Fwp%2Fv2%2Fmedia&parent=497"}],"wp:term":[{"taxonomy":"category","embeddable":true,"href":"http:\/\/projeto.esepf.pt\/depsocial\/observatorio\/index.php?rest_route=%2Fwp%2Fv2%2Fcategories&post=497"},{"taxonomy":"post_tag","embeddable":true,"href":"http:\/\/projeto.esepf.pt\/depsocial\/observatorio\/index.php?rest_route=%2Fwp%2Fv2%2Ftags&post=497"}],"curies":[{"name":"wp","href":"https:\/\/api.w.org\/{rel}","templated":true}]}}