{"id":499,"date":"2022-03-22T10:20:28","date_gmt":"2022-03-22T10:20:28","guid":{"rendered":"http:\/\/projeto.esepf.pt\/depsocial\/observatorio\/?p=499"},"modified":"2022-03-22T10:20:28","modified_gmt":"2022-03-22T10:20:28","slug":"formacao-supervisao-da-pratica-profissional-em-educacao-social","status":"publish","type":"post","link":"http:\/\/projeto.esepf.pt\/depsocial\/observatorio\/?p=499&lang=pt","title":{"rendered":"Forma\u00e7\u00e3o: Supervis\u00e3o da Pr\u00e1tica Profissional em Educa\u00e7\u00e3o Social"},"content":{"rendered":"\n<p><strong>In\u00edcio:<\/strong>\u00a019-04-2022 |\u00a0<strong>Fim:\u00a0<\/strong>03-05-2022<\/p>\n\n\n\n<p><a href=\"https:\/\/elearning.esepf.pt\/insc\/fuc.php?id=221&amp;curso=Supervis%C3%A3o%20da%20Pr%C3%A1tica%20Profissional%20em%20Educa%C3%A7%C3%A3o%20Social&amp;docente=19\" target=\"_blank\" rel=\"noreferrer noopener\">Mais Info e Inscri\u00e7\u00f5es no Centro de e-Learning da ESEPF<\/a><\/p>\n\n\n\n<p><strong>Dura\u00e7\u00e3o\/N.\u00ba horas<\/strong><br>19 de abril 2 h<br>26 abril 2 h<br>3 de maio 2 h<\/p>\n\n\n\n<p><strong>Formadora<\/strong><br>Florbela Maria da Silva Samagaio Gandra<\/p>\n\n\n\n<p><strong>Objetivos<\/strong><br>1.Sensibilizar para o impacto da supervis\u00e3o no desenvolvimento da pr\u00e1tica profissional na forma\u00e7\u00e3o em Educa\u00e7\u00e3o Social ;<br>2.Contribuir para consolida\u00e7\u00e3o da supervis\u00e3o em Educa\u00e7\u00e3o Social;<br>3.Reconhecer a supervis\u00e3o como socializa\u00e7\u00e3o profissional e constru\u00e7\u00e3o de identidade profissional;<br>4.Conhecer os v\u00e1rios cen\u00e1rios\/modelos de supervis\u00e3o da pr\u00e1tica profissional em Educa\u00e7\u00e3o Social.<\/p>\n\n\n\n<p><strong>Programa Tem\u00e1tico (Conte\u00fados cient\u00edficos e\/ou pedag\u00f3gicos)<\/strong><br>1.A forma\u00e7\u00e3o em Educa\u00e7\u00e3o Social no contexto do dom\u00ednio do trabalho social;<br>2. Perfil de compet\u00eancias, identidade profissional, trabalho em equipa, interdisciplinaridade e complementaridade;<br>3. Quest\u00f5es concetuais da supervis\u00e3o<br>3.1 Socializa\u00e7\u00e3o profissional e supervis\u00e3o;<br>3.2 Supervis\u00e3o e media\u00e7\u00e3o de conhecimentos e pr\u00e1ticas;<br>4. Cen\u00e1rios e modelos de supervis\u00e3o da pr\u00e1tica profissional em Educa\u00e7\u00e3o Social.<\/p>\n","protected":false},"excerpt":{"rendered":"<p>In\u00edcio:\u00a019-04-2022 |\u00a0Fim:\u00a003-05-2022 Mais Info e Inscri\u00e7\u00f5es no Centro de e-Learning da ESEPF Dura\u00e7\u00e3o\/N.\u00ba horas19 de abril 2 h26 abril 2 h3 de maio 2 h FormadoraFlorbela Maria da Silva Samagaio Gandra Objetivos1.Sensibilizar para o impacto da supervis\u00e3o no desenvolvimento da pr\u00e1tica profissional na forma\u00e7\u00e3o em Educa\u00e7\u00e3o Social ;2.Contribuir para consolida\u00e7\u00e3o da supervis\u00e3o em Educa\u00e7\u00e3o Social;3.Reconhecer<a href=\"http:\/\/projeto.esepf.pt\/depsocial\/observatorio\/?p=499&#038;lang=pt\">[&#8230;]<\/a><\/p>\n","protected":false},"author":2,"featured_media":500,"comment_status":"closed","ping_status":"closed","sticky":false,"template":"","format":"standard","meta":[],"categories":[8],"tags":[],"_links":{"self":[{"href":"http:\/\/projeto.esepf.pt\/depsocial\/observatorio\/index.php?rest_route=\/wp\/v2\/posts\/499"}],"collection":[{"href":"http:\/\/projeto.esepf.pt\/depsocial\/observatorio\/index.php?rest_route=\/wp\/v2\/posts"}],"about":[{"href":"http:\/\/projeto.esepf.pt\/depsocial\/observatorio\/index.php?rest_route=\/wp\/v2\/types\/post"}],"author":[{"embeddable":true,"href":"http:\/\/projeto.esepf.pt\/depsocial\/observatorio\/index.php?rest_route=\/wp\/v2\/users\/2"}],"replies":[{"embeddable":true,"href":"http:\/\/projeto.esepf.pt\/depsocial\/observatorio\/index.php?rest_route=%2Fwp%2Fv2%2Fcomments&post=499"}],"version-history":[{"count":1,"href":"http:\/\/projeto.esepf.pt\/depsocial\/observatorio\/index.php?rest_route=\/wp\/v2\/posts\/499\/revisions"}],"predecessor-version":[{"id":501,"href":"http:\/\/projeto.esepf.pt\/depsocial\/observatorio\/index.php?rest_route=\/wp\/v2\/posts\/499\/revisions\/501"}],"wp:featuredmedia":[{"embeddable":true,"href":"http:\/\/projeto.esepf.pt\/depsocial\/observatorio\/index.php?rest_route=\/wp\/v2\/media\/500"}],"wp:attachment":[{"href":"http:\/\/projeto.esepf.pt\/depsocial\/observatorio\/index.php?rest_route=%2Fwp%2Fv2%2Fmedia&parent=499"}],"wp:term":[{"taxonomy":"category","embeddable":true,"href":"http:\/\/projeto.esepf.pt\/depsocial\/observatorio\/index.php?rest_route=%2Fwp%2Fv2%2Fcategories&post=499"},{"taxonomy":"post_tag","embeddable":true,"href":"http:\/\/projeto.esepf.pt\/depsocial\/observatorio\/index.php?rest_route=%2Fwp%2Fv2%2Ftags&post=499"}],"curies":[{"name":"wp","href":"https:\/\/api.w.org\/{rel}","templated":true}]}}