{"id":504,"date":"2022-03-24T09:50:12","date_gmt":"2022-03-24T09:50:12","guid":{"rendered":"http:\/\/projeto.esepf.pt\/depsocial\/observatorio\/?p=504"},"modified":"2022-03-24T09:54:44","modified_gmt":"2022-03-24T09:54:44","slug":"esepf-apresenta-estudo-nas-vi-jornadas-educativas-e-interculturais","status":"publish","type":"post","link":"http:\/\/projeto.esepf.pt\/depsocial\/observatorio\/?p=504&lang=pt","title":{"rendered":"ESEPF apresenta estudo nas VI Jornadas Educativas e Interculturais"},"content":{"rendered":"\n<p>9.out.2021<\/p>\n\n\n\n<p><a href=\"https:\/\/www.esepf.pt\/2021\/10\/esepf-apresenta-estudo-nas-vi-jornadas-educativas-e-interculturais\/\" target=\"_blank\" rel=\"noreferrer noopener\">Saiba mais aqui.<\/a><\/p>\n\n\n\n<p>Uma equipa de docentes-investigadoras da ESEPF levou a cabo um \u201cMapeamento da diversidade cultural e lingu\u00edstica do concelho da P\u00f3voa de Varzim\u201d, cujos resultados ser\u00e3o apresentados no dia 9 outubro 2021, por ocasi\u00e3o das VI Jornadas Educativas e Interculturais. Este mapeamento contou com a colabora\u00e7\u00e3o dos encarregados de educa\u00e7\u00e3o dos alunos imigrantes a frequentar as escolas do concelho, constituindo um dos pilares do projeto \u201cAver-o-Mundo\u201d, medida enquadrada numa candidatura FAMI \u2013 Fundo para o Asilo, a Migra\u00e7\u00e3o e a Integra\u00e7\u00e3o.<\/p>\n\n\n\n<p>Estas Jornadas ser\u00e3o reconhecidas como a\u00e7\u00e3o de forma\u00e7\u00e3o de curta dura\u00e7\u00e3o (ACD) para o pessoal docente, existindo ainda um segundo link de inscri\u00e7\u00e3o para pessoal n\u00e3o docente (o ficheiro pdf tem ambos os links ativos). Uma vez inscritos, os participantes receber\u00e3o no dia 8 de outubro, via e-mail, o link de acesso \u00e0 sess\u00e3o.<\/p>\n","protected":false},"excerpt":{"rendered":"<p>9.out.2021 Saiba mais aqui. Uma equipa de docentes-investigadoras da ESEPF levou a cabo um \u201cMapeamento da diversidade cultural e lingu\u00edstica do concelho da P\u00f3voa de Varzim\u201d, cujos resultados ser\u00e3o apresentados no dia 9 outubro 2021, por ocasi\u00e3o das VI Jornadas Educativas e Interculturais. Este mapeamento contou com a colabora\u00e7\u00e3o dos encarregados de educa\u00e7\u00e3o dos alunos<a href=\"http:\/\/projeto.esepf.pt\/depsocial\/observatorio\/?p=504&#038;lang=pt\">[&#8230;]<\/a><\/p>\n","protected":false},"author":2,"featured_media":507,"comment_status":"closed","ping_status":"closed","sticky":false,"template":"","format":"standard","meta":[],"categories":[68],"tags":[],"_links":{"self":[{"href":"http:\/\/projeto.esepf.pt\/depsocial\/observatorio\/index.php?rest_route=\/wp\/v2\/posts\/504"}],"collection":[{"href":"http:\/\/projeto.esepf.pt\/depsocial\/observatorio\/index.php?rest_route=\/wp\/v2\/posts"}],"about":[{"href":"http:\/\/projeto.esepf.pt\/depsocial\/observatorio\/index.php?rest_route=\/wp\/v2\/types\/post"}],"author":[{"embeddable":true,"href":"http:\/\/projeto.esepf.pt\/depsocial\/observatorio\/index.php?rest_route=\/wp\/v2\/users\/2"}],"replies":[{"embeddable":true,"href":"http:\/\/projeto.esepf.pt\/depsocial\/observatorio\/index.php?rest_route=%2Fwp%2Fv2%2Fcomments&post=504"}],"version-history":[{"count":2,"href":"http:\/\/projeto.esepf.pt\/depsocial\/observatorio\/index.php?rest_route=\/wp\/v2\/posts\/504\/revisions"}],"predecessor-version":[{"id":506,"href":"http:\/\/projeto.esepf.pt\/depsocial\/observatorio\/index.php?rest_route=\/wp\/v2\/posts\/504\/revisions\/506"}],"wp:featuredmedia":[{"embeddable":true,"href":"http:\/\/projeto.esepf.pt\/depsocial\/observatorio\/index.php?rest_route=\/wp\/v2\/media\/507"}],"wp:attachment":[{"href":"http:\/\/projeto.esepf.pt\/depsocial\/observatorio\/index.php?rest_route=%2Fwp%2Fv2%2Fmedia&parent=504"}],"wp:term":[{"taxonomy":"category","embeddable":true,"href":"http:\/\/projeto.esepf.pt\/depsocial\/observatorio\/index.php?rest_route=%2Fwp%2Fv2%2Fcategories&post=504"},{"taxonomy":"post_tag","embeddable":true,"href":"http:\/\/projeto.esepf.pt\/depsocial\/observatorio\/index.php?rest_route=%2Fwp%2Fv2%2Ftags&post=504"}],"curies":[{"name":"wp","href":"https:\/\/api.w.org\/{rel}","templated":true}]}}