{"id":508,"date":"2022-03-24T09:56:08","date_gmt":"2022-03-24T09:56:08","guid":{"rendered":"http:\/\/projeto.esepf.pt\/depsocial\/observatorio\/?p=508"},"modified":"2022-05-30T15:09:56","modified_gmt":"2022-05-30T15:09:56","slug":"picels-promoting-inclusion-to-combat-early-school-leaving","status":"publish","type":"post","link":"http:\/\/projeto.esepf.pt\/depsocial\/observatorio\/?p=508&lang=pt","title":{"rendered":"PICESL \u2013 Promoting inclusion to combat early school leaving"},"content":{"rendered":"\n<p>(2019-1-ESO1-KA201-065362) \u2013 Miguel Prata (IR), Florbela Samagaio, Paula Medeiros<\/p>\n\n\n\n<p><strong>PICESL<\/strong>\u00a0\u00e9 um projeto Erasmus + que visa promover pedagogias e pr\u00e1ticas interculturais inclusivas para o envolvimento dos alunos tendo em vista reduzir a percentagem de abandono escolar precoce para menos de 10% at\u00e9 2020. De entre os objetivos, destaca-se: 1) Mapear e fornecer uma sele\u00e7\u00e3o de pr\u00e1ticas eficazes de educa\u00e7\u00e3o intercultural \/ inclusiva realizadas na UE para combater o abandono escolar precoce de alunos em risco de exclus\u00e3o social. 2) Desenvolver, testar e propor um sistema de indicadores para identificar p\u00e1ticas interculturais \/ inclusivas eficazes. 3) Desenhar e implementar um programa sistem\u00e1tico de treinamento de professores que permita aos professores empregar e desenvolver essas pr\u00e1ticas interculturais \/ inclusivas. 4) Divulgar um conjunto de pr\u00e1ticas interculturais \/ educacionais eficazes nas escolas de toda a Europa, bem como o sistema de indicadores para que os professores possam diagnosticar as suas pr\u00f3prias pr\u00e1ticas, partilhando esses indicadores com institui\u00e7\u00f5es internacionais e Minist\u00e9rios da Educa\u00e7\u00e3o.<\/p>\n\n\n\n<div class=\"wp-block-buttons\">\n<div class=\"wp-block-button\"><a class=\"wp-block-button__link\" href=\"http:\/\/projeto.esepf.pt\/depsocial\/observatorio\/wp-content\/uploads\/2022\/05\/Toolkit_final.pdf\" target=\"_blank\" rel=\"noreferrer noopener\">A PRACTICAL TOOLKIT FOR TEACHERS ON INSPIRING PRACTICES THAT PREVENT EARLY SCHOOL LEAVING IN MULTICULTURAL EDUCATIONAL SETTINGS IN EUROPE<\/a><\/div>\n<\/div>\n","protected":false},"excerpt":{"rendered":"<p>(2019-1-ESO1-KA201-065362) \u2013 Miguel Prata (IR), Florbela Samagaio, Paula Medeiros PICESL\u00a0\u00e9 um projeto Erasmus + que visa promover pedagogias e pr\u00e1ticas interculturais inclusivas para o envolvimento dos alunos tendo em vista reduzir a percentagem de abandono escolar precoce para menos de 10% at\u00e9 2020. De entre os objetivos, destaca-se: 1) Mapear e fornecer uma sele\u00e7\u00e3o de<a href=\"http:\/\/projeto.esepf.pt\/depsocial\/observatorio\/?p=508&#038;lang=pt\">[&#8230;]<\/a><\/p>\n","protected":false},"author":2,"featured_media":293,"comment_status":"closed","ping_status":"closed","sticky":false,"template":"","format":"standard","meta":[],"categories":[14,9],"tags":[],"_links":{"self":[{"href":"http:\/\/projeto.esepf.pt\/depsocial\/observatorio\/index.php?rest_route=\/wp\/v2\/posts\/508"}],"collection":[{"href":"http:\/\/projeto.esepf.pt\/depsocial\/observatorio\/index.php?rest_route=\/wp\/v2\/posts"}],"about":[{"href":"http:\/\/projeto.esepf.pt\/depsocial\/observatorio\/index.php?rest_route=\/wp\/v2\/types\/post"}],"author":[{"embeddable":true,"href":"http:\/\/projeto.esepf.pt\/depsocial\/observatorio\/index.php?rest_route=\/wp\/v2\/users\/2"}],"replies":[{"embeddable":true,"href":"http:\/\/projeto.esepf.pt\/depsocial\/observatorio\/index.php?rest_route=%2Fwp%2Fv2%2Fcomments&post=508"}],"version-history":[{"count":4,"href":"http:\/\/projeto.esepf.pt\/depsocial\/observatorio\/index.php?rest_route=\/wp\/v2\/posts\/508\/revisions"}],"predecessor-version":[{"id":547,"href":"http:\/\/projeto.esepf.pt\/depsocial\/observatorio\/index.php?rest_route=\/wp\/v2\/posts\/508\/revisions\/547"}],"wp:featuredmedia":[{"embeddable":true,"href":"http:\/\/projeto.esepf.pt\/depsocial\/observatorio\/index.php?rest_route=\/wp\/v2\/media\/293"}],"wp:attachment":[{"href":"http:\/\/projeto.esepf.pt\/depsocial\/observatorio\/index.php?rest_route=%2Fwp%2Fv2%2Fmedia&parent=508"}],"wp:term":[{"taxonomy":"category","embeddable":true,"href":"http:\/\/projeto.esepf.pt\/depsocial\/observatorio\/index.php?rest_route=%2Fwp%2Fv2%2Fcategories&post=508"},{"taxonomy":"post_tag","embeddable":true,"href":"http:\/\/projeto.esepf.pt\/depsocial\/observatorio\/index.php?rest_route=%2Fwp%2Fv2%2Ftags&post=508"}],"curies":[{"name":"wp","href":"https:\/\/api.w.org\/{rel}","templated":true}]}}