{"id":514,"date":"2022-03-24T10:07:16","date_gmt":"2022-03-24T10:07:16","guid":{"rendered":"http:\/\/projeto.esepf.pt\/depsocial\/observatorio\/?p=514"},"modified":"2022-03-24T10:07:17","modified_gmt":"2022-03-24T10:07:17","slug":"outogether-promoting-childrens-autonomy-on-alternative-care-e-um-projeto-erasmus","status":"publish","type":"post","link":"http:\/\/projeto.esepf.pt\/depsocial\/observatorio\/?p=514&lang=pt","title":{"rendered":"OUTogether \u2013 promoting children\u2019s autonomy on alternative care \u00e9 um projeto Erasmus +"},"content":{"rendered":"\n<p><strong>OUTogether<\/strong>\u00a0\u00e9 um projeto financiado pela Comiss\u00e3o Europeia (linha\u00a0<em>Rights, Equality and Citizenship<\/em>, subordinada ao t\u00f3pico \u201cCapacity-building in the area of rights of the child\u201d) que visa melhorar o acompanhamento das crian\u00e7as e jovens em regime de acolhimento residencial e familiar, em tr\u00eas Estados europeus (Portugal, Bulg\u00e1ria e Cro\u00e1cia), nomeadamente atrav\u00e9s do desenvolvimento\/aperfei\u00e7oamento de mecanismos de apoio \u00e0 autonomia destas crian\u00e7as e jovens. Para o efeito, foram realizadas: (i) a\u00e7\u00f5es de forma\u00e7\u00e3o e capacita\u00e7\u00e3o de profissional; (ii) constitui\u00e7\u00e3o de grupos nacionais de discuss\u00e3o, compostos por diversos atores-chave, para a implementa\u00e7\u00e3o de mecanismos de apoio aos processos de autonomia de crian\u00e7as e jovens; (iii) a cria\u00e7\u00e3o de servi\u00e7os de apoio a jovens \u201cp\u00f3s-institucionalizados\u201d.<\/p>\n","protected":false},"excerpt":{"rendered":"<p>OUTogether\u00a0\u00e9 um projeto financiado pela Comiss\u00e3o Europeia (linha\u00a0Rights, Equality and Citizenship, subordinada ao t\u00f3pico \u201cCapacity-building in the area of rights of the child\u201d) que visa melhorar o acompanhamento das crian\u00e7as e jovens em regime de acolhimento residencial e familiar, em tr\u00eas Estados europeus (Portugal, Bulg\u00e1ria e Cro\u00e1cia), nomeadamente atrav\u00e9s do desenvolvimento\/aperfei\u00e7oamento de mecanismos de apoio<a href=\"http:\/\/projeto.esepf.pt\/depsocial\/observatorio\/?p=514&#038;lang=pt\">[&#8230;]<\/a><\/p>\n","protected":false},"author":2,"featured_media":293,"comment_status":"closed","ping_status":"closed","sticky":false,"template":"","format":"standard","meta":[],"categories":[15,9],"tags":[],"_links":{"self":[{"href":"http:\/\/projeto.esepf.pt\/depsocial\/observatorio\/index.php?rest_route=\/wp\/v2\/posts\/514"}],"collection":[{"href":"http:\/\/projeto.esepf.pt\/depsocial\/observatorio\/index.php?rest_route=\/wp\/v2\/posts"}],"about":[{"href":"http:\/\/projeto.esepf.pt\/depsocial\/observatorio\/index.php?rest_route=\/wp\/v2\/types\/post"}],"author":[{"embeddable":true,"href":"http:\/\/projeto.esepf.pt\/depsocial\/observatorio\/index.php?rest_route=\/wp\/v2\/users\/2"}],"replies":[{"embeddable":true,"href":"http:\/\/projeto.esepf.pt\/depsocial\/observatorio\/index.php?rest_route=%2Fwp%2Fv2%2Fcomments&post=514"}],"version-history":[{"count":1,"href":"http:\/\/projeto.esepf.pt\/depsocial\/observatorio\/index.php?rest_route=\/wp\/v2\/posts\/514\/revisions"}],"predecessor-version":[{"id":515,"href":"http:\/\/projeto.esepf.pt\/depsocial\/observatorio\/index.php?rest_route=\/wp\/v2\/posts\/514\/revisions\/515"}],"wp:featuredmedia":[{"embeddable":true,"href":"http:\/\/projeto.esepf.pt\/depsocial\/observatorio\/index.php?rest_route=\/wp\/v2\/media\/293"}],"wp:attachment":[{"href":"http:\/\/projeto.esepf.pt\/depsocial\/observatorio\/index.php?rest_route=%2Fwp%2Fv2%2Fmedia&parent=514"}],"wp:term":[{"taxonomy":"category","embeddable":true,"href":"http:\/\/projeto.esepf.pt\/depsocial\/observatorio\/index.php?rest_route=%2Fwp%2Fv2%2Fcategories&post=514"},{"taxonomy":"post_tag","embeddable":true,"href":"http:\/\/projeto.esepf.pt\/depsocial\/observatorio\/index.php?rest_route=%2Fwp%2Fv2%2Ftags&post=514"}],"curies":[{"name":"wp","href":"https:\/\/api.w.org\/{rel}","templated":true}]}}