{"id":518,"date":"2022-04-22T13:40:36","date_gmt":"2022-04-22T13:40:36","guid":{"rendered":"http:\/\/projeto.esepf.pt\/depsocial\/observatorio\/?p=518"},"modified":"2022-04-22T13:46:13","modified_gmt":"2022-04-22T13:46:13","slug":"workshop-ubuntu-growing-in-society","status":"publish","type":"post","link":"http:\/\/projeto.esepf.pt\/depsocial\/observatorio\/?p=518&lang=pt","title":{"rendered":"Workshop: \u201cUbuntu-growing in society\u201d"},"content":{"rendered":"\n<p>Dia 22 abril 2022, 14:00h-18:00h (sala B307) -Escola Superior de Educa\u00e7\u00e3o de Paula Frassinetti<br><\/p>\n\n\n\n<p>Por: Manuela Guedes (ESEPF\/IPAV), Cl\u00e1udia Duarte e Gon\u00e7alo Fidalgo (IPAV)<br>Apresenta\u00e7\u00e3o: Jos\u00e9 Lu\u00eds Gon\u00e7alves<br>Organiza\u00e7\u00e3o: Growth by Co-Creation (ESEPF e Avans Univ.)<br>Dirigido a estudantes e profissionais portugueses e estrangeiros<\/p>\n","protected":false},"excerpt":{"rendered":"<p>Dia 22 abril 2022, 14:00h-18:00h (sala B307) -Escola Superior de Educa\u00e7\u00e3o de Paula Frassinetti Por: Manuela Guedes (ESEPF\/IPAV), Cl\u00e1udia Duarte e Gon\u00e7alo Fidalgo (IPAV)Apresenta\u00e7\u00e3o: Jos\u00e9 Lu\u00eds Gon\u00e7alvesOrganiza\u00e7\u00e3o: Growth by Co-Creation (ESEPF e Avans Univ.)Dirigido a estudantes e profissionais portugueses e estrangeiros<\/p>\n","protected":false},"author":2,"featured_media":294,"comment_status":"closed","ping_status":"closed","sticky":false,"template":"","format":"standard","meta":[],"categories":[50],"tags":[],"_links":{"self":[{"href":"http:\/\/projeto.esepf.pt\/depsocial\/observatorio\/index.php?rest_route=\/wp\/v2\/posts\/518"}],"collection":[{"href":"http:\/\/projeto.esepf.pt\/depsocial\/observatorio\/index.php?rest_route=\/wp\/v2\/posts"}],"about":[{"href":"http:\/\/projeto.esepf.pt\/depsocial\/observatorio\/index.php?rest_route=\/wp\/v2\/types\/post"}],"author":[{"embeddable":true,"href":"http:\/\/projeto.esepf.pt\/depsocial\/observatorio\/index.php?rest_route=\/wp\/v2\/users\/2"}],"replies":[{"embeddable":true,"href":"http:\/\/projeto.esepf.pt\/depsocial\/observatorio\/index.php?rest_route=%2Fwp%2Fv2%2Fcomments&post=518"}],"version-history":[{"count":2,"href":"http:\/\/projeto.esepf.pt\/depsocial\/observatorio\/index.php?rest_route=\/wp\/v2\/posts\/518\/revisions"}],"predecessor-version":[{"id":520,"href":"http:\/\/projeto.esepf.pt\/depsocial\/observatorio\/index.php?rest_route=\/wp\/v2\/posts\/518\/revisions\/520"}],"wp:featuredmedia":[{"embeddable":true,"href":"http:\/\/projeto.esepf.pt\/depsocial\/observatorio\/index.php?rest_route=\/wp\/v2\/media\/294"}],"wp:attachment":[{"href":"http:\/\/projeto.esepf.pt\/depsocial\/observatorio\/index.php?rest_route=%2Fwp%2Fv2%2Fmedia&parent=518"}],"wp:term":[{"taxonomy":"category","embeddable":true,"href":"http:\/\/projeto.esepf.pt\/depsocial\/observatorio\/index.php?rest_route=%2Fwp%2Fv2%2Fcategories&post=518"},{"taxonomy":"post_tag","embeddable":true,"href":"http:\/\/projeto.esepf.pt\/depsocial\/observatorio\/index.php?rest_route=%2Fwp%2Fv2%2Ftags&post=518"}],"curies":[{"name":"wp","href":"https:\/\/api.w.org\/{rel}","templated":true}]}}