{"id":521,"date":"2022-04-22T13:47:13","date_gmt":"2022-04-22T13:47:13","guid":{"rendered":"http:\/\/projeto.esepf.pt\/depsocial\/observatorio\/?p=521"},"modified":"2022-04-22T13:47:13","modified_gmt":"2022-04-22T13:47:13","slug":"seminario-workshop-report-on-disinformation-and-education","status":"publish","type":"post","link":"http:\/\/projeto.esepf.pt\/depsocial\/observatorio\/?p=521&lang=pt","title":{"rendered":"Semin\u00e1rio\/workshop: Report on disinformation and education"},"content":{"rendered":"\n<p><strong>Prof. Barry van Driel \u2013&nbsp;<\/strong>(IAIE -International Association for Intercultural Education, European Commission)<\/p>\n\n\n\n<p><strong>8 abril \u00e0s 18:00<\/strong>&nbsp;(em ingl\u00eas)<br><strong>Escola Superior de Educa\u00e7\u00e3o de Paula Frassinetti (sala B108)<\/strong><br>Participa\u00e7\u00e3o livre, gratuita e sem emiss\u00e3o de certificado.<\/p>\n","protected":false},"excerpt":{"rendered":"<p>Prof. Barry van Driel \u2013&nbsp;(IAIE -International Association for Intercultural Education, European Commission) 8 abril \u00e0s 18:00&nbsp;(em ingl\u00eas)Escola Superior de Educa\u00e7\u00e3o de Paula Frassinetti (sala B108)Participa\u00e7\u00e3o livre, gratuita e sem emiss\u00e3o de certificado.<\/p>\n","protected":false},"author":2,"featured_media":294,"comment_status":"closed","ping_status":"closed","sticky":false,"template":"","format":"standard","meta":[],"categories":[50],"tags":[],"_links":{"self":[{"href":"http:\/\/projeto.esepf.pt\/depsocial\/observatorio\/index.php?rest_route=\/wp\/v2\/posts\/521"}],"collection":[{"href":"http:\/\/projeto.esepf.pt\/depsocial\/observatorio\/index.php?rest_route=\/wp\/v2\/posts"}],"about":[{"href":"http:\/\/projeto.esepf.pt\/depsocial\/observatorio\/index.php?rest_route=\/wp\/v2\/types\/post"}],"author":[{"embeddable":true,"href":"http:\/\/projeto.esepf.pt\/depsocial\/observatorio\/index.php?rest_route=\/wp\/v2\/users\/2"}],"replies":[{"embeddable":true,"href":"http:\/\/projeto.esepf.pt\/depsocial\/observatorio\/index.php?rest_route=%2Fwp%2Fv2%2Fcomments&post=521"}],"version-history":[{"count":1,"href":"http:\/\/projeto.esepf.pt\/depsocial\/observatorio\/index.php?rest_route=\/wp\/v2\/posts\/521\/revisions"}],"predecessor-version":[{"id":522,"href":"http:\/\/projeto.esepf.pt\/depsocial\/observatorio\/index.php?rest_route=\/wp\/v2\/posts\/521\/revisions\/522"}],"wp:featuredmedia":[{"embeddable":true,"href":"http:\/\/projeto.esepf.pt\/depsocial\/observatorio\/index.php?rest_route=\/wp\/v2\/media\/294"}],"wp:attachment":[{"href":"http:\/\/projeto.esepf.pt\/depsocial\/observatorio\/index.php?rest_route=%2Fwp%2Fv2%2Fmedia&parent=521"}],"wp:term":[{"taxonomy":"category","embeddable":true,"href":"http:\/\/projeto.esepf.pt\/depsocial\/observatorio\/index.php?rest_route=%2Fwp%2Fv2%2Fcategories&post=521"},{"taxonomy":"post_tag","embeddable":true,"href":"http:\/\/projeto.esepf.pt\/depsocial\/observatorio\/index.php?rest_route=%2Fwp%2Fv2%2Ftags&post=521"}],"curies":[{"name":"wp","href":"https:\/\/api.w.org\/{rel}","templated":true}]}}