{"id":527,"date":"2022-04-27T17:34:38","date_gmt":"2022-04-27T17:34:38","guid":{"rendered":"http:\/\/projeto.esepf.pt\/depsocial\/observatorio\/?p=527"},"modified":"2022-04-27T17:35:02","modified_gmt":"2022-04-27T17:35:02","slug":"seminario-workshop-path-to-recovery-practice-and-methodology-part-ii","status":"publish","type":"post","link":"http:\/\/projeto.esepf.pt\/depsocial\/observatorio\/?p=527&lang=pt","title":{"rendered":"Path to recovery, practice and methodology (PART II)"},"content":{"rendered":"\n<p>Por: Glenn Penders e Boey van Woerkom&nbsp;<\/p>\n\n\n\n<p>Modera\u00e7\u00e3o: Marie van Steensel (Mirosa, Holanda)<\/p>\n\n\n\n<p>Apresenta\u00e7\u00e3o e organiza\u00e7\u00e3o: Ang\u00e8le Geerts (Univ. Avans, Holanda) e Miguel Prata Gomes (ESEPF, Portugal)<\/p>\n\n\n\n<p>Dia 27 abril 2022, 18:30h-20:00h (sala B108) -Escola Superior de Educa\u00e7\u00e3o de Paula Frassinetti (participa\u00e7\u00e3o livre)<\/p>\n","protected":false},"excerpt":{"rendered":"<p>Por: Glenn Penders e Boey van Woerkom&nbsp; Modera\u00e7\u00e3o: Marie van Steensel (Mirosa, Holanda) Apresenta\u00e7\u00e3o e organiza\u00e7\u00e3o: Ang\u00e8le Geerts (Univ. Avans, Holanda) e Miguel Prata Gomes (ESEPF, Portugal) Dia 27 abril 2022, 18:30h-20:00h (sala B108) -Escola Superior de Educa\u00e7\u00e3o de Paula Frassinetti (participa\u00e7\u00e3o livre)<\/p>\n","protected":false},"author":2,"featured_media":294,"comment_status":"closed","ping_status":"closed","sticky":false,"template":"","format":"standard","meta":[],"categories":[50],"tags":[],"_links":{"self":[{"href":"http:\/\/projeto.esepf.pt\/depsocial\/observatorio\/index.php?rest_route=\/wp\/v2\/posts\/527"}],"collection":[{"href":"http:\/\/projeto.esepf.pt\/depsocial\/observatorio\/index.php?rest_route=\/wp\/v2\/posts"}],"about":[{"href":"http:\/\/projeto.esepf.pt\/depsocial\/observatorio\/index.php?rest_route=\/wp\/v2\/types\/post"}],"author":[{"embeddable":true,"href":"http:\/\/projeto.esepf.pt\/depsocial\/observatorio\/index.php?rest_route=\/wp\/v2\/users\/2"}],"replies":[{"embeddable":true,"href":"http:\/\/projeto.esepf.pt\/depsocial\/observatorio\/index.php?rest_route=%2Fwp%2Fv2%2Fcomments&post=527"}],"version-history":[{"count":2,"href":"http:\/\/projeto.esepf.pt\/depsocial\/observatorio\/index.php?rest_route=\/wp\/v2\/posts\/527\/revisions"}],"predecessor-version":[{"id":529,"href":"http:\/\/projeto.esepf.pt\/depsocial\/observatorio\/index.php?rest_route=\/wp\/v2\/posts\/527\/revisions\/529"}],"wp:featuredmedia":[{"embeddable":true,"href":"http:\/\/projeto.esepf.pt\/depsocial\/observatorio\/index.php?rest_route=\/wp\/v2\/media\/294"}],"wp:attachment":[{"href":"http:\/\/projeto.esepf.pt\/depsocial\/observatorio\/index.php?rest_route=%2Fwp%2Fv2%2Fmedia&parent=527"}],"wp:term":[{"taxonomy":"category","embeddable":true,"href":"http:\/\/projeto.esepf.pt\/depsocial\/observatorio\/index.php?rest_route=%2Fwp%2Fv2%2Fcategories&post=527"},{"taxonomy":"post_tag","embeddable":true,"href":"http:\/\/projeto.esepf.pt\/depsocial\/observatorio\/index.php?rest_route=%2Fwp%2Fv2%2Ftags&post=527"}],"curies":[{"name":"wp","href":"https:\/\/api.w.org\/{rel}","templated":true}]}}