{"id":532,"date":"2022-05-12T09:02:20","date_gmt":"2022-05-12T09:02:20","guid":{"rendered":"http:\/\/projeto.esepf.pt\/depsocial\/observatorio\/?p=532"},"modified":"2022-05-12T09:07:08","modified_gmt":"2022-05-12T09:07:08","slug":"refugee-and-migrant-education-in-greece-opportunities-and-challenges","status":"publish","type":"post","link":"http:\/\/projeto.esepf.pt\/depsocial\/observatorio\/?p=532&lang=pt","title":{"rendered":"Refugee and migrant education in Greece: Opportunities and challenges"},"content":{"rendered":"\n<p><strong>Dra. Ioanna Lazarou&nbsp;<\/strong>(professora de escola internacional e doutoranda da Open University &#8211; Gr\u00e9cia)<br><strong>Dr. Vlasis Manolias<\/strong>&nbsp;(Educador de refugiados\/migrantes em ONG e Doutorando Open University &#8211; Gr\u00e9cia).<\/p>\n\n\n\n<p>Apresenta\u00e7\u00e3o e organiza\u00e7\u00e3o: Miguel Prata Gomes (ESEPF &#8211; Portugal)<\/p>\n\n\n\n<p>Dia 14 maio 2022, 9:00h (sala B108)<\/p>\n\n\n\n<p>Escola Superior de Educa\u00e7\u00e3o de Paula Frassinetti, Porto &#8211; Portugal<\/p>\n\n\n\n<p>(participa\u00e7\u00e3o livre)<\/p>\n","protected":false},"excerpt":{"rendered":"<p>Dra. Ioanna Lazarou&nbsp;(professora de escola internacional e doutoranda da Open University &#8211; Gr\u00e9cia)Dr. Vlasis Manolias&nbsp;(Educador de refugiados\/migrantes em ONG e Doutorando Open University &#8211; Gr\u00e9cia). Apresenta\u00e7\u00e3o e organiza\u00e7\u00e3o: Miguel Prata Gomes (ESEPF &#8211; Portugal) Dia 14 maio 2022, 9:00h (sala B108) Escola Superior de Educa\u00e7\u00e3o de Paula Frassinetti, Porto &#8211; Portugal (participa\u00e7\u00e3o livre)<\/p>\n","protected":false},"author":1,"featured_media":294,"comment_status":"closed","ping_status":"closed","sticky":false,"template":"","format":"standard","meta":[],"categories":[50],"tags":[],"_links":{"self":[{"href":"http:\/\/projeto.esepf.pt\/depsocial\/observatorio\/index.php?rest_route=\/wp\/v2\/posts\/532"}],"collection":[{"href":"http:\/\/projeto.esepf.pt\/depsocial\/observatorio\/index.php?rest_route=\/wp\/v2\/posts"}],"about":[{"href":"http:\/\/projeto.esepf.pt\/depsocial\/observatorio\/index.php?rest_route=\/wp\/v2\/types\/post"}],"author":[{"embeddable":true,"href":"http:\/\/projeto.esepf.pt\/depsocial\/observatorio\/index.php?rest_route=\/wp\/v2\/users\/1"}],"replies":[{"embeddable":true,"href":"http:\/\/projeto.esepf.pt\/depsocial\/observatorio\/index.php?rest_route=%2Fwp%2Fv2%2Fcomments&post=532"}],"version-history":[{"count":2,"href":"http:\/\/projeto.esepf.pt\/depsocial\/observatorio\/index.php?rest_route=\/wp\/v2\/posts\/532\/revisions"}],"predecessor-version":[{"id":542,"href":"http:\/\/projeto.esepf.pt\/depsocial\/observatorio\/index.php?rest_route=\/wp\/v2\/posts\/532\/revisions\/542"}],"wp:featuredmedia":[{"embeddable":true,"href":"http:\/\/projeto.esepf.pt\/depsocial\/observatorio\/index.php?rest_route=\/wp\/v2\/media\/294"}],"wp:attachment":[{"href":"http:\/\/projeto.esepf.pt\/depsocial\/observatorio\/index.php?rest_route=%2Fwp%2Fv2%2Fmedia&parent=532"}],"wp:term":[{"taxonomy":"category","embeddable":true,"href":"http:\/\/projeto.esepf.pt\/depsocial\/observatorio\/index.php?rest_route=%2Fwp%2Fv2%2Fcategories&post=532"},{"taxonomy":"post_tag","embeddable":true,"href":"http:\/\/projeto.esepf.pt\/depsocial\/observatorio\/index.php?rest_route=%2Fwp%2Fv2%2Ftags&post=532"}],"curies":[{"name":"wp","href":"https:\/\/api.w.org\/{rel}","templated":true}]}}