{"id":534,"date":"2022-05-12T09:03:31","date_gmt":"2022-05-12T09:03:31","guid":{"rendered":"http:\/\/projeto.esepf.pt\/depsocial\/observatorio\/?p=534"},"modified":"2022-05-12T09:06:58","modified_gmt":"2022-05-12T09:06:58","slug":"sos-racismo-e-o-projeto-micarmostra-internacional-de-cinema-anti-racista","status":"publish","type":"post","link":"http:\/\/projeto.esepf.pt\/depsocial\/observatorio\/?p=534&lang=pt","title":{"rendered":"SOS Racismo e o projeto MICAR(Mostra Internacional de Cinema Anti-Racista)"},"content":{"rendered":"\n<p>Dra. <strong>Joana Santos<\/strong> (SOS Racismo &#8211; Portugal)<br>Prof. <strong>Pedro Daniel Ferreira<\/strong> (Faculdade de Psicologia e de Ci\u00eancias da Educa\u00e7\u00e3o da Universidade do Porto e SOS Racismo &#8211; Portugal)<\/p>\n\n\n\n<p>Apresenta\u00e7\u00e3o e organiza\u00e7\u00e3o: Miguel Prata Gomes (ESEPF &#8211; Portugal)<\/p>\n\n\n\n<p>Dia 14 maio 2022, 11:30h (sala B108) &#8211; Escola Superior de Educa\u00e7\u00e3o de Paula Frassinetti, Porto -Portugal<\/p>\n\n\n\n<p>(participa\u00e7\u00e3o livre)<\/p>\n","protected":false},"excerpt":{"rendered":"<p>Dra. Joana Santos (SOS Racismo &#8211; Portugal)Prof. Pedro Daniel Ferreira (Faculdade de Psicologia e de Ci\u00eancias da Educa\u00e7\u00e3o da Universidade do Porto e SOS Racismo &#8211; Portugal) Apresenta\u00e7\u00e3o e organiza\u00e7\u00e3o: Miguel Prata Gomes (ESEPF &#8211; Portugal) Dia 14 maio 2022, 11:30h (sala B108) &#8211; Escola Superior de Educa\u00e7\u00e3o de Paula Frassinetti, Porto -Portugal (participa\u00e7\u00e3o livre)<\/p>\n","protected":false},"author":1,"featured_media":294,"comment_status":"closed","ping_status":"closed","sticky":false,"template":"","format":"standard","meta":[],"categories":[50],"tags":[],"_links":{"self":[{"href":"http:\/\/projeto.esepf.pt\/depsocial\/observatorio\/index.php?rest_route=\/wp\/v2\/posts\/534"}],"collection":[{"href":"http:\/\/projeto.esepf.pt\/depsocial\/observatorio\/index.php?rest_route=\/wp\/v2\/posts"}],"about":[{"href":"http:\/\/projeto.esepf.pt\/depsocial\/observatorio\/index.php?rest_route=\/wp\/v2\/types\/post"}],"author":[{"embeddable":true,"href":"http:\/\/projeto.esepf.pt\/depsocial\/observatorio\/index.php?rest_route=\/wp\/v2\/users\/1"}],"replies":[{"embeddable":true,"href":"http:\/\/projeto.esepf.pt\/depsocial\/observatorio\/index.php?rest_route=%2Fwp%2Fv2%2Fcomments&post=534"}],"version-history":[{"count":1,"href":"http:\/\/projeto.esepf.pt\/depsocial\/observatorio\/index.php?rest_route=\/wp\/v2\/posts\/534\/revisions"}],"predecessor-version":[{"id":535,"href":"http:\/\/projeto.esepf.pt\/depsocial\/observatorio\/index.php?rest_route=\/wp\/v2\/posts\/534\/revisions\/535"}],"wp:featuredmedia":[{"embeddable":true,"href":"http:\/\/projeto.esepf.pt\/depsocial\/observatorio\/index.php?rest_route=\/wp\/v2\/media\/294"}],"wp:attachment":[{"href":"http:\/\/projeto.esepf.pt\/depsocial\/observatorio\/index.php?rest_route=%2Fwp%2Fv2%2Fmedia&parent=534"}],"wp:term":[{"taxonomy":"category","embeddable":true,"href":"http:\/\/projeto.esepf.pt\/depsocial\/observatorio\/index.php?rest_route=%2Fwp%2Fv2%2Fcategories&post=534"},{"taxonomy":"post_tag","embeddable":true,"href":"http:\/\/projeto.esepf.pt\/depsocial\/observatorio\/index.php?rest_route=%2Fwp%2Fv2%2Ftags&post=534"}],"curies":[{"name":"wp","href":"https:\/\/api.w.org\/{rel}","templated":true}]}}