{"id":536,"date":"2022-05-12T09:04:23","date_gmt":"2022-05-12T09:04:23","guid":{"rendered":"http:\/\/projeto.esepf.pt\/depsocial\/observatorio\/?p=536"},"modified":"2022-05-12T09:06:48","modified_gmt":"2022-05-12T09:06:48","slug":"intervencoes-de-educacao-nao-formal-em-contexto-escolar-centradas-nos-direitos-das-criancas","status":"publish","type":"post","link":"http:\/\/projeto.esepf.pt\/depsocial\/observatorio\/?p=536&lang=pt","title":{"rendered":"Interven\u00e7\u00f5es de educa\u00e7\u00e3o n\u00e3o-formal em contexto escolar centradas nos direitos das crian\u00e7as"},"content":{"rendered":"\n<p><strong>Profa. Gabriela Trevisan<\/strong>&nbsp;(Laborat\u00f3rio Colaborativo ProChild CoLAB against Poverty and Social Exclusion &#8211; Portugal)<\/p>\n\n\n\n<p>Apresenta\u00e7\u00e3o e organiza\u00e7\u00e3o: Miguel Prata Gomes (ESEPF &#8211; Portugal)<\/p>\n\n\n\n<p>Dia 17 maio 2022, 8:30h (sala B303) &#8211; Escola Superior de Educa\u00e7\u00e3o de Paula Frassinetti, Porto &#8211; Portugal <\/p>\n\n\n\n<p>(participa\u00e7\u00e3o livre)<\/p>\n","protected":false},"excerpt":{"rendered":"<p>Profa. Gabriela Trevisan&nbsp;(Laborat\u00f3rio Colaborativo ProChild CoLAB against Poverty and Social Exclusion &#8211; Portugal) Apresenta\u00e7\u00e3o e organiza\u00e7\u00e3o: Miguel Prata Gomes (ESEPF &#8211; Portugal) Dia 17 maio 2022, 8:30h (sala B303) &#8211; Escola Superior de Educa\u00e7\u00e3o de Paula Frassinetti, Porto &#8211; Portugal (participa\u00e7\u00e3o livre)<\/p>\n","protected":false},"author":1,"featured_media":294,"comment_status":"closed","ping_status":"closed","sticky":false,"template":"","format":"standard","meta":[],"categories":[50],"tags":[],"_links":{"self":[{"href":"http:\/\/projeto.esepf.pt\/depsocial\/observatorio\/index.php?rest_route=\/wp\/v2\/posts\/536"}],"collection":[{"href":"http:\/\/projeto.esepf.pt\/depsocial\/observatorio\/index.php?rest_route=\/wp\/v2\/posts"}],"about":[{"href":"http:\/\/projeto.esepf.pt\/depsocial\/observatorio\/index.php?rest_route=\/wp\/v2\/types\/post"}],"author":[{"embeddable":true,"href":"http:\/\/projeto.esepf.pt\/depsocial\/observatorio\/index.php?rest_route=\/wp\/v2\/users\/1"}],"replies":[{"embeddable":true,"href":"http:\/\/projeto.esepf.pt\/depsocial\/observatorio\/index.php?rest_route=%2Fwp%2Fv2%2Fcomments&post=536"}],"version-history":[{"count":2,"href":"http:\/\/projeto.esepf.pt\/depsocial\/observatorio\/index.php?rest_route=\/wp\/v2\/posts\/536\/revisions"}],"predecessor-version":[{"id":541,"href":"http:\/\/projeto.esepf.pt\/depsocial\/observatorio\/index.php?rest_route=\/wp\/v2\/posts\/536\/revisions\/541"}],"wp:featuredmedia":[{"embeddable":true,"href":"http:\/\/projeto.esepf.pt\/depsocial\/observatorio\/index.php?rest_route=\/wp\/v2\/media\/294"}],"wp:attachment":[{"href":"http:\/\/projeto.esepf.pt\/depsocial\/observatorio\/index.php?rest_route=%2Fwp%2Fv2%2Fmedia&parent=536"}],"wp:term":[{"taxonomy":"category","embeddable":true,"href":"http:\/\/projeto.esepf.pt\/depsocial\/observatorio\/index.php?rest_route=%2Fwp%2Fv2%2Fcategories&post=536"},{"taxonomy":"post_tag","embeddable":true,"href":"http:\/\/projeto.esepf.pt\/depsocial\/observatorio\/index.php?rest_route=%2Fwp%2Fv2%2Ftags&post=536"}],"curies":[{"name":"wp","href":"https:\/\/api.w.org\/{rel}","templated":true}]}}