{"id":538,"date":"2022-05-12T09:05:35","date_gmt":"2022-05-12T09:05:35","guid":{"rendered":"http:\/\/projeto.esepf.pt\/depsocial\/observatorio\/?p=538"},"modified":"2022-05-12T09:06:36","modified_gmt":"2022-05-12T09:06:36","slug":"interculturalidade-e-direitos-humanos-intervencao-atraves-do-instrumento-pedagogico-free2choose","status":"publish","type":"post","link":"http:\/\/projeto.esepf.pt\/depsocial\/observatorio\/?p=538&lang=pt","title":{"rendered":"Interculturalidade e Direitos Humanos (interven\u00e7\u00e3o atrav\u00e9s do instrumento pedag\u00f3gico Free2Choose)"},"content":{"rendered":"\n<p><strong>Prof. Miguel Prata Gomes&nbsp;<\/strong>(Escola Superior de Educa\u00e7\u00e3o de Paula Frassinetti &#8211; Portugal)<\/p>\n\n\n\n<p>Apresenta\u00e7\u00e3o: Aaron Peterer (Anne Frank Verein &#8211; \u00c1ustria) e Barry van Driel (IAIE &#8211; Holanda)<\/p>\n\n\n\n<p>online: Dia 11 junho 2022, 9:00h (sala B108) &#8211; Escola Superior de Educa\u00e7\u00e3o de Paula Frassinetti, Porto &#8211; Portugal <\/p>\n\n\n\n<p>(participa\u00e7\u00e3o livre)<\/p>\n","protected":false},"excerpt":{"rendered":"<p>Prof. Miguel Prata Gomes&nbsp;(Escola Superior de Educa\u00e7\u00e3o de Paula Frassinetti &#8211; Portugal) Apresenta\u00e7\u00e3o: Aaron Peterer (Anne Frank Verein &#8211; \u00c1ustria) e Barry van Driel (IAIE &#8211; Holanda) online: Dia 11 junho 2022, 9:00h (sala B108) &#8211; Escola Superior de Educa\u00e7\u00e3o de Paula Frassinetti, Porto &#8211; Portugal (participa\u00e7\u00e3o livre)<\/p>\n","protected":false},"author":1,"featured_media":294,"comment_status":"closed","ping_status":"closed","sticky":false,"template":"","format":"standard","meta":[],"categories":[50],"tags":[],"_links":{"self":[{"href":"http:\/\/projeto.esepf.pt\/depsocial\/observatorio\/index.php?rest_route=\/wp\/v2\/posts\/538"}],"collection":[{"href":"http:\/\/projeto.esepf.pt\/depsocial\/observatorio\/index.php?rest_route=\/wp\/v2\/posts"}],"about":[{"href":"http:\/\/projeto.esepf.pt\/depsocial\/observatorio\/index.php?rest_route=\/wp\/v2\/types\/post"}],"author":[{"embeddable":true,"href":"http:\/\/projeto.esepf.pt\/depsocial\/observatorio\/index.php?rest_route=\/wp\/v2\/users\/1"}],"replies":[{"embeddable":true,"href":"http:\/\/projeto.esepf.pt\/depsocial\/observatorio\/index.php?rest_route=%2Fwp%2Fv2%2Fcomments&post=538"}],"version-history":[{"count":2,"href":"http:\/\/projeto.esepf.pt\/depsocial\/observatorio\/index.php?rest_route=\/wp\/v2\/posts\/538\/revisions"}],"predecessor-version":[{"id":540,"href":"http:\/\/projeto.esepf.pt\/depsocial\/observatorio\/index.php?rest_route=\/wp\/v2\/posts\/538\/revisions\/540"}],"wp:featuredmedia":[{"embeddable":true,"href":"http:\/\/projeto.esepf.pt\/depsocial\/observatorio\/index.php?rest_route=\/wp\/v2\/media\/294"}],"wp:attachment":[{"href":"http:\/\/projeto.esepf.pt\/depsocial\/observatorio\/index.php?rest_route=%2Fwp%2Fv2%2Fmedia&parent=538"}],"wp:term":[{"taxonomy":"category","embeddable":true,"href":"http:\/\/projeto.esepf.pt\/depsocial\/observatorio\/index.php?rest_route=%2Fwp%2Fv2%2Fcategories&post=538"},{"taxonomy":"post_tag","embeddable":true,"href":"http:\/\/projeto.esepf.pt\/depsocial\/observatorio\/index.php?rest_route=%2Fwp%2Fv2%2Ftags&post=538"}],"curies":[{"name":"wp","href":"https:\/\/api.w.org\/{rel}","templated":true}]}}