{"id":548,"date":"2022-05-30T15:11:47","date_gmt":"2022-05-30T15:11:47","guid":{"rendered":"http:\/\/projeto.esepf.pt\/depsocial\/observatorio\/?p=548"},"modified":"2022-05-30T15:11:47","modified_gmt":"2022-05-30T15:11:47","slug":"esepf-parceira-no-projeto-picesl-promoting-inclusion-to-combat-early-school-leaving","status":"publish","type":"post","link":"http:\/\/projeto.esepf.pt\/depsocial\/observatorio\/?p=548&lang=pt","title":{"rendered":"ESEPF parceira no projeto PICESL \u2013 Promoting inclusion to combat early school leaving"},"content":{"rendered":"\n<p>02-06-2022 08:30<\/p>\n\n\n\n<p>Evento multiplicador do Projeto Eramus+&nbsp;<em>\u201cPromoting inclusion to combat early school leaving<\/em>&nbsp;<em>(PICESL)\u201d&nbsp;<\/em>(2019-1-ES01-KA201-065362) na Universidade Pablo de Olavide em Sevilha, Espanha, no dia 2 de junho.<\/p>\n\n\n\n<p>Este evento insere-se no \u00e2mbito do projeto Projeto Eramus+&nbsp;<em>\u201cPromoting inclusion to combat early school leaving<\/em>&nbsp;<em>(PICESL)\u201d&nbsp;<\/em>(2019-1-ES01-KA201-065362) e tem como objetivo apresentar os produtos intelectuais resultantes do mesmo a um p\u00fablico mais amplo, relacionado com a educa\u00e7\u00e3o. Converter-se-\u00e1, tamb\u00e9m, num espa\u00e7o de reflex\u00e3o sobre a preven\u00e7\u00e3o do abandono escolar e sobre boas pr\u00e1ticas para o combater.<\/p>\n\n\n\n<p>O programa est\u00e1 organizado em mesas redondas nas quais se apresentar\u00e3o cada um dos produtos intelectuais criados durante o desenvolvimento do projeto. Estes produtos ficar\u00e3o \u00e0 disposi\u00e7\u00e3o do p\u00fablico em geral atrav\u00e9s da p\u00e1gina do projeto com o objetivo de poderem ser utilizados em todos os contextos.<\/p>\n\n\n\n<p><a rel=\"noreferrer noopener\" href=\"https:\/\/eventos.upo.es\/82841\/detail\/evento-multiplicador-del-proyecto-erasmus-lpromoviendo-la-inclusion-para-combatir-el-abandono-escol.html\" target=\"_blank\">Saiba mais<\/a><\/p>\n\n\n\n<figure class=\"wp-block-image\"><a href=\"https:\/\/eventos.upo.es\/82841\/detail\/evento-multiplicador-del-proyecto-erasmus-lpromoviendo-la-inclusion-para-combatir-el-abandono-escol.html\" target=\"_blank\" rel=\"noreferrer noopener\"><img src=\"https:\/\/www.esepf.pt\/wp-content\/uploads\/2022\/05\/flyer-1024x724.jpg\" alt=\"\" class=\"wp-image-11212\"\/><\/a><\/figure>\n","protected":false},"excerpt":{"rendered":"<p>02-06-2022 08:30 Evento multiplicador do Projeto Eramus+&nbsp;\u201cPromoting inclusion to combat early school leaving&nbsp;(PICESL)\u201d&nbsp;(2019-1-ES01-KA201-065362) na Universidade Pablo de Olavide em Sevilha, Espanha, no dia 2 de junho. Este evento insere-se no \u00e2mbito do projeto Projeto Eramus+&nbsp;\u201cPromoting inclusion to combat early school leaving&nbsp;(PICESL)\u201d&nbsp;(2019-1-ES01-KA201-065362) e tem como objetivo apresentar os produtos intelectuais resultantes do mesmo a um p\u00fablico<a href=\"http:\/\/projeto.esepf.pt\/depsocial\/observatorio\/?p=548&#038;lang=pt\">[&#8230;]<\/a><\/p>\n","protected":false},"author":2,"featured_media":294,"comment_status":"closed","ping_status":"closed","sticky":false,"template":"","format":"standard","meta":[],"categories":[50,68],"tags":[],"_links":{"self":[{"href":"http:\/\/projeto.esepf.pt\/depsocial\/observatorio\/index.php?rest_route=\/wp\/v2\/posts\/548"}],"collection":[{"href":"http:\/\/projeto.esepf.pt\/depsocial\/observatorio\/index.php?rest_route=\/wp\/v2\/posts"}],"about":[{"href":"http:\/\/projeto.esepf.pt\/depsocial\/observatorio\/index.php?rest_route=\/wp\/v2\/types\/post"}],"author":[{"embeddable":true,"href":"http:\/\/projeto.esepf.pt\/depsocial\/observatorio\/index.php?rest_route=\/wp\/v2\/users\/2"}],"replies":[{"embeddable":true,"href":"http:\/\/projeto.esepf.pt\/depsocial\/observatorio\/index.php?rest_route=%2Fwp%2Fv2%2Fcomments&post=548"}],"version-history":[{"count":1,"href":"http:\/\/projeto.esepf.pt\/depsocial\/observatorio\/index.php?rest_route=\/wp\/v2\/posts\/548\/revisions"}],"predecessor-version":[{"id":550,"href":"http:\/\/projeto.esepf.pt\/depsocial\/observatorio\/index.php?rest_route=\/wp\/v2\/posts\/548\/revisions\/550"}],"wp:featuredmedia":[{"embeddable":true,"href":"http:\/\/projeto.esepf.pt\/depsocial\/observatorio\/index.php?rest_route=\/wp\/v2\/media\/294"}],"wp:attachment":[{"href":"http:\/\/projeto.esepf.pt\/depsocial\/observatorio\/index.php?rest_route=%2Fwp%2Fv2%2Fmedia&parent=548"}],"wp:term":[{"taxonomy":"category","embeddable":true,"href":"http:\/\/projeto.esepf.pt\/depsocial\/observatorio\/index.php?rest_route=%2Fwp%2Fv2%2Fcategories&post=548"},{"taxonomy":"post_tag","embeddable":true,"href":"http:\/\/projeto.esepf.pt\/depsocial\/observatorio\/index.php?rest_route=%2Fwp%2Fv2%2Ftags&post=548"}],"curies":[{"name":"wp","href":"https:\/\/api.w.org\/{rel}","templated":true}]}}